{"id":4067,"date":"2025-09-29T00:00:35","date_gmt":"2025-09-28T21:00:35","guid":{"rendered":"https:\/\/kalite.ebyu.edu.tr\/?p=4067"},"modified":"2025-11-20T11:14:35","modified_gmt":"2025-11-20T08:14:35","slug":"ebyude-2030a-dogru-turk-yuksekogretim-vizyonu-eylem-plani-kapsaminda-kurumsal-degerlendirme-toplantisi-yapildi","status":"publish","type":"post","link":"https:\/\/kalite.ebyu.edu.tr\/?p=4067","title":{"rendered":"EBY\u00dc\u2019de \u20182030\u2019a Do\u011fru T\u00fcrk Y\u00fcksek\u00f6\u011fretim Vizyonu Eylem Plan\u0131\u2019 Kapsam\u0131nda Kurumsal De\u011ferlendirme Toplant\u0131s\u0131 Yap\u0131ld\u0131"},"content":{"rendered":"<p><img fetchpriority=\"high\" decoding=\"async\" class=\"aligncenter size-full wp-image-4068\" src=\"https:\/\/kalite.ebyu.edu.tr\/wp-content\/uploads\/2025\/11\/29-eylul-1.jpg\" alt=\"\" width=\"1536\" height=\"660\" srcset=\"https:\/\/kalite.ebyu.edu.tr\/wp-content\/uploads\/2025\/11\/29-eylul-1.jpg 1536w, https:\/\/kalite.ebyu.edu.tr\/wp-content\/uploads\/2025\/11\/29-eylul-1-300x129.jpg 300w, https:\/\/kalite.ebyu.edu.tr\/wp-content\/uploads\/2025\/11\/29-eylul-1-1024x440.jpg 1024w, https:\/\/kalite.ebyu.edu.tr\/wp-content\/uploads\/2025\/11\/29-eylul-1-768x330.jpg 768w\" sizes=\"(max-width: 1536px) 100vw, 1536px\" \/><\/p>\n<p>&nbsp;<\/p>\n<p>Erzincan Binali Y\u0131ld\u0131r\u0131m \u00dcniversitesinde, Y\u00fcksek\u00f6\u011fretim Kurulu taraf\u0131ndan t\u00fcm \u00fcniversitelere iletilen \u201c2030\u2019a Do\u011fru T\u00fcrk Y\u00fcksek\u00f6\u011fretim Vizyonu B\u00f6lgesel Toplant\u0131lar\u0131\u201d \u00e7\u0131kt\u0131lar\u0131 do\u011frultusunda \u00fcst y\u00f6netim ve ilgili birim temsilcilerinin kat\u0131l\u0131m\u0131yla de\u011ferlendirme toplant\u0131s\u0131 ger\u00e7ekle\u015ftirildi.<\/p>\n<p>&nbsp;<\/p>\n<p>Toplant\u0131da; y\u00fcksek\u00f6\u011fretimde kalite odakl\u0131 s\u00fcre\u00e7 y\u00f6netimi ve liderlik, dijital d\u00f6n\u00fc\u015f\u00fcm ve veriye dayal\u0131 y\u00f6netim, ulusal ve uluslararas\u0131 itibar ve g\u00f6r\u00fcn\u00fcrl\u00fck ile giri\u015fimci ve yenilik\u00e7i \u00fcniversite ba\u015fl\u0131klar\u0131 \u00e7er\u00e7evesinde \u00fcniversitemizin mevcut durumu ve gelecek d\u00f6neme ili\u015fkin hedefleri ele al\u0131nd\u0131.<\/p>\n<p>&nbsp;<\/p>\n<p>Rekt\u00f6r Prof. Dr. Ak\u0131n Levent ba\u015fkanl\u0131\u011f\u0131nda ger\u00e7ekle\u015ftirilen toplant\u0131ya; Rekt\u00f6r Yard\u0131mc\u0131lar\u0131 Prof. Dr. A. Ercan Ekinci, Prof. Dr. Adem Ba\u015f\u0131b\u00fcy\u00fck, Prof. Dr. \u00c7a\u011fr\u0131 \u00c7\u0131rak, Genel Sekreter Do\u00e7. Dr. M. Cihat \u00d6zgenel, ilgili Koordinat\u00f6rl\u00fck ve Ara\u015ft\u0131rma Merkezi temsilcileri ile Daire Ba\u015fkanlar\u0131 kat\u0131ld\u0131.<\/p>\n<p>&nbsp;<\/p>\n<p>Toplant\u0131da, Kalite Koordinat\u00f6rl\u00fc\u011f\u00fc taraf\u0131ndan Y\u00d6K\u2019\u00fcn iletti\u011fi 2030 Vizyonu Eylem Plan\u0131 \u00e7er\u00e7evesinde kapsaml\u0131 bir sunum yap\u0131larak, \u00fcniversitemizin mevcut durumu ve \u00f6ncelikleri de\u011ferlendirildi. Y\u00d6K taraf\u0131ndan olu\u015fturulan eylem plan\u0131 \u00f6nerileri ve izleme-de\u011ferlendirme tablolar\u0131 \u00fcniversitemizin \u2018Stratejik Plan\u0131\u2019 ile ili\u015fkilendirilerek kurumsal uyum s\u00fcrecinin yol haritas\u0131 belirlendi. \u00dcniversitemizin 2025\u20132030 d\u00f6nemi i\u00e7in kalite g\u00fcvencesinin s\u00fcrd\u00fcr\u00fclebilirli\u011fi, dijital d\u00f6n\u00fc\u015f\u00fcm k\u00fclt\u00fcr\u00fcn\u00fcn yerle\u015fmesi, uluslararas\u0131 g\u00f6r\u00fcn\u00fcrl\u00fc\u011f\u00fcn art\u0131r\u0131lmas\u0131 ve giri\u015fimcilik ekosisteminin g\u00fc\u00e7lendirilmesi konular\u0131nda somut ad\u0131mlar\u0131n at\u0131lmas\u0131 kararla\u015ft\u0131r\u0131ld\u0131.<\/p>\n<p>&nbsp;<\/p>\n<p>Rekt\u00f6r Prof. Dr. Ak\u0131n Levent, toplant\u0131 sonras\u0131 yapt\u0131\u011f\u0131 de\u011ferlendirmede \u015funlar\u0131 s\u00f6yledi, \u201cErzincan Binali Y\u0131ld\u0131r\u0131m \u00dcniversitesi olarak \u2018Anadolu\u2019da Bir D\u00fcnya \u00dcniversitesi\u2019 vizyonumuz do\u011frultusunda 2030 hedeflerine emin ad\u0131mlarla ilerliyoruz. Kalite, dijital d\u00f6n\u00fc\u015f\u00fcm, uluslararas\u0131la\u015fma ve giri\u015fimcilik alanlar\u0131nda g\u00fc\u00e7l\u00fc bir kurumsal yap\u0131 olu\u015fturmay\u0131 \u00f6ncelikli g\u00f6revimiz kabul ediyoruz. Bu s\u00fcrece t\u00fcm akademik ve idari personelimizin aktif kat\u0131l\u0131m\u0131 ile daha g\u00fc\u00e7l\u00fc bir gelecek in\u015fa edece\u011fimize inan\u0131yorum.\u201d<\/p>\n<p>&nbsp;<\/p>\n<p><img decoding=\"async\" class=\"alignleft wp-image-4069\" src=\"https:\/\/kalite.ebyu.edu.tr\/wp-content\/uploads\/2025\/11\/29-eylul-2.jpg\" alt=\"\" width=\"520\" height=\"347\" srcset=\"https:\/\/kalite.ebyu.edu.tr\/wp-content\/uploads\/2025\/11\/29-eylul-2.jpg 1600w, https:\/\/kalite.ebyu.edu.tr\/wp-content\/uploads\/2025\/11\/29-eylul-2-300x200.jpg 300w, https:\/\/kalite.ebyu.edu.tr\/wp-content\/uploads\/2025\/11\/29-eylul-2-1024x683.jpg 1024w, https:\/\/kalite.ebyu.edu.tr\/wp-content\/uploads\/2025\/11\/29-eylul-2-768x512.jpg 768w, https:\/\/kalite.ebyu.edu.tr\/wp-content\/uploads\/2025\/11\/29-eylul-2-1536x1024.jpg 1536w, https:\/\/kalite.ebyu.edu.tr\/wp-content\/uploads\/2025\/11\/29-eylul-2-1568x1046.jpg 1568w\" sizes=\"(max-width: 520px) 100vw, 520px\" \/> <img decoding=\"async\" class=\"alignright wp-image-4070\" src=\"https:\/\/kalite.ebyu.edu.tr\/wp-content\/uploads\/2025\/11\/29-eylul-3.jpg\" alt=\"\" width=\"520\" height=\"347\" srcset=\"https:\/\/kalite.ebyu.edu.tr\/wp-content\/uploads\/2025\/11\/29-eylul-3.jpg 1600w, https:\/\/kalite.ebyu.edu.tr\/wp-content\/uploads\/2025\/11\/29-eylul-3-300x200.jpg 300w, https:\/\/kalite.ebyu.edu.tr\/wp-content\/uploads\/2025\/11\/29-eylul-3-1024x683.jpg 1024w, https:\/\/kalite.ebyu.edu.tr\/wp-content\/uploads\/2025\/11\/29-eylul-3-768x512.jpg 768w, https:\/\/kalite.ebyu.edu.tr\/wp-content\/uploads\/2025\/11\/29-eylul-3-1536x1024.jpg 1536w, https:\/\/kalite.ebyu.edu.tr\/wp-content\/uploads\/2025\/11\/29-eylul-3-1568x1046.jpg 1568w\" sizes=\"(max-width: 520px) 100vw, 520px\" \/><\/p>\n<div class=\"pvc_clear\"><\/div>\n<p id=\"pvc_stats_4067\" class=\"pvc_stats total_only  \" data-element-id=\"4067\" style=\"\"><i class=\"pvc-stats-icon medium\" aria-hidden=\"true\"><svg xmlns=\"http:\/\/www.w3.org\/2000\/svg\" version=\"1.0\" viewBox=\"0 0 502 315\" preserveAspectRatio=\"xMidYMid meet\"><g transform=\"translate(0,332) scale(0.1,-0.1)\" fill=\"\" stroke=\"none\"><path d=\"M2394 3279 l-29 -30 -3 -207 c-2 -182 0 -211 15 -242 39 -76 157 -76 196 0 15 31 17 60 15 243 l-3 209 -33 29 c-26 23 -41 29 -80 29 -41 0 -53 -5 -78 -31z\"\/><path d=\"M3085 3251 c-45 -19 -58 -50 -96 -229 -47 -217 -49 -260 -13 -295 52 -53 146 -42 177 20 16 31 87 366 87 410 0 70 -86 122 -155 94z\"\/><path d=\"M1751 3234 c-13 -9 -29 -31 -37 -50 -12 -29 -10 -49 21 -204 19 -94 39 -189 45 -210 14 -50 54 -80 110 -80 34 0 48 6 76 34 21 21 34 44 34 59 0 14 -18 113 -40 219 -37 178 -43 195 -70 221 -36 32 -101 37 -139 11z\"\/><path d=\"M1163 3073 c-36 -7 -73 -59 -73 -102 0 -56 133 -378 171 -413 34 -32 83 -37 129 -13 70 36 67 87 -16 290 -86 209 -89 214 -129 231 -35 14 -42 15 -82 7z\"\/><path d=\"M3689 3066 c-15 -9 -33 -30 -42 -48 -48 -103 -147 -355 -147 -375 0 -98 131 -148 192 -74 13 15 57 108 97 206 80 196 84 226 37 273 -30 30 -99 39 -137 18z\"\/><path d=\"M583 2784 c-38 -19 -67 -74 -58 -113 9 -42 211 -354 242 -373 16 -10 45 -18 66 -18 51 0 107 52 107 100 0 39 -1 41 -124 234 -80 126 -108 162 -133 173 -41 17 -61 16 -100 -3z\"\/><path d=\"M4250 2784 c-14 -9 -74 -91 -133 -183 -95 -150 -107 -173 -107 -213 0 -55 33 -94 87 -104 67 -13 90 8 211 198 130 202 137 225 78 284 -27 27 -42 34 -72 34 -22 0 -50 -8 -64 -16z\"\/><path d=\"M2275 2693 c-553 -48 -1095 -270 -1585 -649 -135 -104 -459 -423 -483 -476 -23 -49 -22 -139 2 -186 73 -142 361 -457 571 -626 285 -228 642 -407 990 -497 242 -63 336 -73 660 -74 310 0 370 5 595 52 535 111 1045 392 1455 803 122 121 250 273 275 326 19 41 19 137 0 174 -41 79 -309 363 -465 492 -447 370 -946 591 -1479 653 -113 14 -422 18 -536 8z m395 -428 c171 -34 330 -124 456 -258 112 -119 167 -219 211 -378 27 -96 24 -300 -5 -401 -72 -255 -236 -447 -474 -557 -132 -62 -201 -76 -368 -76 -167 0 -236 14 -368 76 -213 98 -373 271 -451 485 -162 444 86 934 547 1084 153 49 292 57 452 25z m909 -232 c222 -123 408 -262 593 -441 76 -74 138 -139 138 -144 0 -16 -233 -242 -330 -319 -155 -123 -309 -223 -461 -299 l-81 -41 32 46 c18 26 49 83 70 128 143 306 141 649 -6 957 -25 52 -61 116 -79 142 l-34 47 45 -20 c26 -10 76 -36 113 -56z m-2057 25 c-40 -58 -105 -190 -130 -263 -110 -324 -59 -707 132 -981 25 -35 42 -64 37 -64 -19 0 -241 119 -326 174 -188 122 -406 314 -532 468 l-58 71 108 103 c185 178 428 349 672 473 66 33 121 60 123 61 2 0 -10 -19 -26 -42z\"\/><path d=\"M2375 1950 c-198 -44 -350 -190 -395 -379 -18 -76 -8 -221 19 -290 114 -284 457 -406 731 -260 98 52 188 154 231 260 27 69 37 214 19 290 -38 163 -166 304 -326 360 -67 23 -215 33 -279 19z\"\/><\/g><\/svg><\/i> <img loading=\"lazy\" decoding=\"async\" width=\"16\" height=\"16\" alt=\"Loading\" src=\"https:\/\/kalite.ebyu.edu.tr\/wp-content\/plugins\/page-views-count\/ajax-loader-2x.gif\" border=0 \/><\/p>\n<div class=\"pvc_clear\"><\/div>\n","protected":false},"excerpt":{"rendered":"<p>&nbsp; Erzincan Binali Y\u0131ld\u0131r\u0131m \u00dcniversitesinde, Y\u00fcksek\u00f6\u011fretim Kurulu taraf\u0131ndan t\u00fcm \u00fcniversitelere iletilen \u201c2030\u2019a Do\u011fru T\u00fcrk Y\u00fcksek\u00f6\u011fretim Vizyonu B\u00f6lgesel Toplant\u0131lar\u0131\u201d \u00e7\u0131kt\u0131lar\u0131 do\u011frultusunda \u00fcst y\u00f6netim ve ilgili birim temsilcilerinin kat\u0131l\u0131m\u0131yla de\u011ferlendirme toplant\u0131s\u0131 ger\u00e7ekle\u015ftirildi. &nbsp; Toplant\u0131da; y\u00fcksek\u00f6\u011fretimde kalite odakl\u0131 s\u00fcre\u00e7 y\u00f6netimi ve liderlik, dijital d\u00f6n\u00fc\u015f\u00fcm ve veriye dayal\u0131 y\u00f6netim, ulusal ve uluslararas\u0131 itibar ve g\u00f6r\u00fcn\u00fcrl\u00fck ile giri\u015fimci ve yenilik\u00e7i&hellip; <a class=\"more-link\" href=\"https:\/\/kalite.ebyu.edu.tr\/?p=4067\">Okumaya devam et <span class=\"screen-reader-text\">EBY\u00dc\u2019de \u20182030\u2019a Do\u011fru T\u00fcrk Y\u00fcksek\u00f6\u011fretim Vizyonu Eylem Plan\u0131\u2019 Kapsam\u0131nda Kurumsal De\u011ferlendirme Toplant\u0131s\u0131 Yap\u0131ld\u0131<\/span><\/a><\/p>\n","protected":false},"author":13,"featured_media":4068,"comment_status":"closed","ping_status":"closed","sticky":false,"template":"","format":"standard","meta":{"footnotes":""},"categories":[21],"tags":[],"class_list":["post-4067","post","type-post","status-publish","format-standard","has-post-thumbnail","hentry","category-haberler","entry"],"_links":{"self":[{"href":"https:\/\/kalite.ebyu.edu.tr\/index.php?rest_route=\/wp\/v2\/posts\/4067","targetHints":{"allow":["GET"]}}],"collection":[{"href":"https:\/\/kalite.ebyu.edu.tr\/index.php?rest_route=\/wp\/v2\/posts"}],"about":[{"href":"https:\/\/kalite.ebyu.edu.tr\/index.php?rest_route=\/wp\/v2\/types\/post"}],"author":[{"embeddable":true,"href":"https:\/\/kalite.ebyu.edu.tr\/index.php?rest_route=\/wp\/v2\/users\/13"}],"replies":[{"embeddable":true,"href":"https:\/\/kalite.ebyu.edu.tr\/index.php?rest_route=%2Fwp%2Fv2%2Fcomments&post=4067"}],"version-history":[{"count":10,"href":"https:\/\/kalite.ebyu.edu.tr\/index.php?rest_route=\/wp\/v2\/posts\/4067\/revisions"}],"predecessor-version":[{"id":4102,"href":"https:\/\/kalite.ebyu.edu.tr\/index.php?rest_route=\/wp\/v2\/posts\/4067\/revisions\/4102"}],"wp:featuredmedia":[{"embeddable":true,"href":"https:\/\/kalite.ebyu.edu.tr\/index.php?rest_route=\/wp\/v2\/media\/4068"}],"wp:attachment":[{"href":"https:\/\/kalite.ebyu.edu.tr\/index.php?rest_route=%2Fwp%2Fv2%2Fmedia&parent=4067"}],"wp:term":[{"taxonomy":"category","embeddable":true,"href":"https:\/\/kalite.ebyu.edu.tr\/index.php?rest_route=%2Fwp%2Fv2%2Fcategories&post=4067"},{"taxonomy":"post_tag","embeddable":true,"href":"https:\/\/kalite.ebyu.edu.tr\/index.php?rest_route=%2Fwp%2Fv2%2Ftags&post=4067"}],"curies":[{"name":"wp","href":"https:\/\/api.w.org\/{rel}","templated":true}]}}