{"id":3929,"date":"2025-03-25T17:00:30","date_gmt":"2025-03-25T14:00:30","guid":{"rendered":"https:\/\/kalite.ebyu.edu.tr\/?p=3929"},"modified":"2025-03-26T09:38:49","modified_gmt":"2025-03-26T06:38:49","slug":"ebyude-kalite-odulleri-ve-yilin-egiticisi-odul-toreni-duzenlendi","status":"publish","type":"post","link":"https:\/\/kalite.ebyu.edu.tr\/?p=3929","title":{"rendered":"EBY\u00dc\u2019de Kalite \u00d6d\u00fclleri ve Y\u0131l\u0131n E\u011fiticisi \u00d6d\u00fcl T\u00f6reni D\u00fczenlendi"},"content":{"rendered":"<p><img fetchpriority=\"high\" decoding=\"async\" class=\"aligncenter size-full wp-image-3934\" src=\"https:\/\/kalite.ebyu.edu.tr\/wp-content\/uploads\/2025\/03\/5.webp\" alt=\"\" width=\"1600\" height=\"1067\" srcset=\"https:\/\/kalite.ebyu.edu.tr\/wp-content\/uploads\/2025\/03\/5.webp 1600w, https:\/\/kalite.ebyu.edu.tr\/wp-content\/uploads\/2025\/03\/5-300x200.webp 300w, https:\/\/kalite.ebyu.edu.tr\/wp-content\/uploads\/2025\/03\/5-1024x683.webp 1024w, https:\/\/kalite.ebyu.edu.tr\/wp-content\/uploads\/2025\/03\/5-768x512.webp 768w, https:\/\/kalite.ebyu.edu.tr\/wp-content\/uploads\/2025\/03\/5-1536x1024.webp 1536w, https:\/\/kalite.ebyu.edu.tr\/wp-content\/uploads\/2025\/03\/5-1568x1046.webp 1568w\" sizes=\"(max-width: 1600px) 100vw, 1600px\" \/><\/p>\n<p>&nbsp;<\/p>\n<p><span class=\"s3\"><span class=\"bumpedFont15\">Erzincan Binali Y\u0131ld\u0131r\u0131m \u00dcniversitesinde\u00a0<\/span><\/span><span class=\"s3\"><span class=\"bumpedFont15\">\u201c<\/span><\/span><span class=\"s3\"><span class=\"bumpedFont15\">Kalite \u00d6d\u00fclleri ve Y\u0131l\u0131n E\u011fiticisi \u00d6d\u00fcl T\u00f6reni<\/span><\/span><span class=\"s3\"><span class=\"bumpedFont15\">\u201d d<\/span><\/span><span class=\"s3\"><span class=\"bumpedFont15\">\u00fczenlendi<\/span><\/span><span class=\"s3\"><span class=\"bumpedFont15\">.<\/span><\/span><\/p>\n<p>&nbsp;<\/p>\n<p><span class=\"s3\"><span class=\"bumpedFont15\">T\u00f6ren<\/span><\/span><span class=\"s3\"><span class=\"bumpedFont15\">,<\/span><\/span><span class=\"s3\"><span class=\"bumpedFont15\">\u00a0Rekt\u00f6r\u00fcm\u00fcz Prof. Dr. Ak\u0131n Levent, Rekt\u00f6r Yard\u0131mc\u0131lar\u0131 Prof<\/span><\/span><span class=\"s3\"><span class=\"bumpedFont15\">. Ercan Ekinci, Prof. Dr.\u00a0<\/span><\/span><span class=\"s3\"><span class=\"bumpedFont15\">\u00c2dem<\/span><\/span><span class=\"s3\"><span class=\"bumpedFont15\">\u00a0Ba\u015f\u0131b\u00fcy\u00fck, Prof. Dr.\u00a0<\/span><\/span><span class=\"s3\"><span class=\"bumpedFont15\">\u00c7a\u011fr\u0131 \u00c7\u0131rak, akademik<\/span><\/span><span class=\"s3\"><span class=\"bumpedFont15\">,<\/span><\/span><span class=\"s3\"><span class=\"bumpedFont15\">\u00a0idari personel<\/span><\/span><span class=\"s3\"><span class=\"bumpedFont15\">\u00a0ve \u00f6\u011frenciler kat\u0131l<\/span><\/span><span class=\"s3\"><span class=\"bumpedFont15\">\u0131m\u0131yla Prof. Dr. Erdo\u011fan\u00a0<\/span><\/span><span class=\"s3\"><span class=\"bumpedFont15\">B\u00fcy\u00fckkasap<\/span><\/span><span class=\"s3\"><span class=\"bumpedFont15\">\u00a0Kongre ve K\u00fclt\u00fcr Merkezinde ger\u00e7ekle\u015fti.<\/span><\/span><\/p>\n<p>&nbsp;<\/p>\n<p><span class=\"s3\"><span class=\"bumpedFont15\">\u201c<\/span><\/span><span class=\"s3\"><span class=\"bumpedFont15\">Kalite \u00d6d\u00fclleri ve Y\u0131l\u0131n E\u011fiticisi \u00d6d\u00fcl T\u00f6reni<\/span><\/span><span class=\"s3\"><span class=\"bumpedFont15\">\u201d<\/span><\/span>\u00a0<span class=\"s3\"><span class=\"bumpedFont15\">\u00fcniversitemiz\u00a0<\/span><\/span><span class=\"s3\"><span class=\"bumpedFont15\">Rekt\u00f6<\/span><\/span><span class=\"s3\"><span class=\"bumpedFont15\">r\u00fc Prof. Dr. Ak\u0131n<\/span><\/span><span class=\"s3\"><span class=\"bumpedFont15\">\u00a0Levent\u2019in\u00a0<\/span><\/span><span class=\"s3\"><span class=\"bumpedFont15\">a\u00e7\u0131l\u0131\u015f konu\u015fmas\u0131yla<\/span><\/span><span class=\"s3\"><span class=\"bumpedFont15\">\u00a0ba\u015flad\u0131<\/span><\/span><span class=\"s3\"><span class=\"bumpedFont15\">.\u00a0<\/span><\/span><span class=\"s3\"><span class=\"bumpedFont15\">Konu\u015fmas\u0131na t\u00f6renin ikincisini d\u00fczenlemenin gururunu ve mutlulu\u011funu ya\u015fad\u0131klar\u0131n\u0131 belirterek ba\u015flayan Rekt\u00f6r Levent,\u00a0<\/span><\/span><span class=\"s3\"><span class=\"bumpedFont15\">kalite \u00e7al\u0131\u015fmalar\u0131n\u0131n akademik ve idari birimler i\u00e7in ortak bir k\u00fclt\u00fcre d\u00f6n\u00fc\u015fmesi gerekti\u011fini vurgulad\u0131.<\/span><\/span><span class=\"s3\"><span class=\"bumpedFont15\">\u00a0Ayr\u0131ca\u00a0<\/span><\/span><span class=\"s3\"><span class=\"bumpedFont15\">e\u011fitim kalitesini art\u0131rmaya y\u00f6nelik \u00f6nemli \u00e7al\u0131\u015fmalar yap\u0131ld\u0131\u011f\u0131n\u0131 belirte<\/span><\/span><span class=\"s3\"><span class=\"bumpedFont15\">rek\u00a0<\/span><\/span><span class=\"s3\"><span class=\"bumpedFont15\">E\u011fitim Fak\u00fcltesinin yedi program\u0131n\u0131n, Eczac\u0131l\u0131k ve Hem\u015firelik fak\u00fcltelerinin belirli programlar\u0131n\u0131n ve Fen-Edebiyat Fak\u00fcltesinin be\u015f program\u0131n\u0131n akredite edildi\u011fini duyurdu.<\/span><\/span>\u00a0<span class=\"s3\"><span class=\"bumpedFont15\">\u00d6\u011frenci odakl\u0131 e\u011fitim anlay\u0131\u015f\u0131na vurgu yapan<\/span><\/span><span class=\"s3\"><span class=\"bumpedFont15\">\u00a0Rekt\u00f6r<\/span><\/span><span class=\"s3\"><span class=\"bumpedFont15\">Levent, kalite \u00e7al\u0131\u015fmalar\u0131n\u0131n yan\u0131 s\u0131ra \u201cY\u0131l\u0131n E\u011fiticisi\u201d \u00f6d\u00fcllerinin de \u00fcniversite i\u00e7in b\u00fcy\u00fck \u00f6nem ta\u015f\u0131d\u0131\u011f\u0131n\u0131 dile getirdi. Birimlerin kendi i\u00e7inde y\u0131l\u0131n e\u011fiticisini se\u00e7ti\u011fini belirten<\/span><\/span><span class=\"s3\"><span class=\"bumpedFont15\">\u00a0Rekt\u00f6r<\/span><\/span><span class=\"s3\"><span class=\"bumpedFont15\">\u00a0Levent,\u00a0<\/span><\/span><span class=\"s3\"><span class=\"bumpedFont15\">EBY\u00dc\u2019n\u00fcn<\/span><\/span><span class=\"s3\"><span class=\"bumpedFont15\">\u00a0kaliteyi bir kurum k\u00fclt\u00fcr\u00fc haline getirme yolunda \u00f6nemli ad\u0131mlar att\u0131\u011f\u0131n\u0131 ifade etti.<\/span><\/span><span class=\"s3\"><span class=\"bumpedFont15\">Konu\u015fmas\u0131n\u0131, akademik ve idari personele te\u015fekk\u00fcr ederek tamamlayan Rekt\u00f6r Prof. Dr. Ak\u0131n Levent, 2 Nisan\u2019da yay\u0131mlanacak Kurum Ki\u015fisel De\u011ferlendirme Raporu hakk\u0131nda bilgi vererek t\u00fcm kat\u0131l\u0131mc\u0131lara sevgi ve sayg\u0131lar\u0131n\u0131\u00a0sundu.<\/span><\/span><\/p>\n<p>&nbsp;<\/p>\n<p><span class=\"s3\"><span class=\"bumpedFont15\">Rekt\u00f6r Levent\u2019in konu\u015fmas\u0131n\u0131n ard\u0131ndan<\/span><\/span><span class=\"s3\"><span class=\"bumpedFont15\">\u00a0\u00f6d\u00fcl takdimine ge\u00e7ildi.<\/span><\/span><\/p>\n<p>&nbsp;<\/p>\n<p><span class=\"s3\"><span class=\"bumpedFont15\">\u201c<\/span><\/span><span class=\"s3\"><span class=\"bumpedFont15\">2024\u00a0<\/span><\/span><span class=\"s3\"><span class=\"bumpedFont15\">Y<\/span><\/span><span class=\"s3\"><span class=\"bumpedFont15\">\u0131l\u0131 Kalite\u00a0<\/span><\/span><span class=\"s3\"><span class=\"bumpedFont15\">\u00d6<\/span><\/span><span class=\"s3\"><span class=\"bumpedFont15\">d\u00fclleri<\/span><\/span><span class=\"s3\"><span class=\"bumpedFont15\">\u201d<\/span><\/span><span class=\"s3\"><span class=\"bumpedFont15\">, \u00fcniversitemiz kalite \u00f6d\u00fclleri y\u00f6nergesi kapsam\u0131nda\u00a0<\/span><\/span><span class=\"s3\"><span class=\"bumpedFont15\">\u201cAkademik Birim Kalite \u00c7al\u0131\u015fmalar\u0131 Performans \u00d6d\u00fcl\u00fc\u201d<\/span><\/span><span class=\"s3\"><span class=\"bumpedFont15\">, \u201cAkreditasyon \u00d6d\u00fcl\u00fc\u201d,\u00a0<\/span><\/span><span class=\"s3\"><span class=\"bumpedFont15\">\u201c\u0130\u00e7 Payda\u015f Memnuniyet \u00d6d\u00fcl\u00fc\u201d,\u00a0<\/span><\/span><span class=\"s3\"><span class=\"bumpedFont15\">\u201c\u00d6\u011fretim S\u00fcreci Memnuniyet \u00d6d\u00fcl\u00fc\u201d, \u201cTopluma Hizmet \u00d6d\u00fcl\u00fc\u201d<\/span><\/span><span class=\"s3\"><span class=\"bumpedFont15\">\u00a0ve<\/span><\/span><span class=\"s3\"><span class=\"bumpedFont15\">\u00a0\u201c\u00d6\u011frenci Kalite El\u00e7isi \u00d6d\u00fcl\u00fc\u201d olmak \u00fczere toplam 6 kategori<\/span><\/span><span class=\"s3\"><span class=\"bumpedFont15\">de \u00f6d\u00fcller takdim edildi<\/span><\/span><span class=\"s3\"><span class=\"bumpedFont15\">.<\/span><\/span><\/p>\n<p>&nbsp;<\/p>\n<p><span class=\"s2\"><span class=\"bumpedFont15\">\u201c<\/span><\/span><span class=\"s2\"><span class=\"bumpedFont15\">A<\/span><\/span><span class=\"s2\"><span class=\"bumpedFont15\">kademik Birim Kalite \u00c7al\u0131\u015fmalar\u0131<\/span><\/span><span class=\"s2\"><span class=\"bumpedFont15\">\u00a0Performans \u00d6d\u00fcl\u00fc<\/span><\/span><span class=\"s2\"><span class=\"bumpedFont15\">\u201d<\/span><\/span><span class=\"s3\"><span class=\"bumpedFont15\">kategorisinde<\/span><\/span><span class=\"s3\"><span class=\"bumpedFont15\">,<\/span><\/span><span class=\"s3\"><span class=\"bumpedFont15\">\u00a0E\u011fitim Fak\u00fcltesi Dekan\u0131 Prof. Dr. M\u00fccahit Ka\u011fan,\u00a0<\/span><\/span><span class=\"s3\"><span class=\"bumpedFont15\">\u0130lahiyat Fak\u00fcltesi Dekan\u0131\u00a0<\/span><\/span><span class=\"s3\"><span class=\"bumpedFont15\">Prof. Dr. \u0130shak Emin Aktepe<\/span><\/span><span class=\"s3\"><span class=\"bumpedFont15\">fak\u00fclteleri ad\u0131na \u00f6d\u00fclleri takdim edildi.<\/span><\/span><\/p>\n<p>&nbsp;<\/p>\n<p><span class=\"s2\"><span class=\"bumpedFont15\">\u201c<\/span><\/span><span class=\"s2\"><span class=\"bumpedFont15\">Akre<\/span><\/span><span class=\"s2\"><span class=\"bumpedFont15\">ditasyon \u00d6d\u00fcl\u00fc<\/span><\/span><span class=\"s2\"><span class=\"bumpedFont15\">\u201d<\/span><\/span><span class=\"s3\"><span class=\"bumpedFont15\">\u00a0kategorisi<\/span><\/span><span class=\"s3\"><span class=\"bumpedFont15\">nde<\/span><\/span><span class=\"s3\"><span class=\"bumpedFont15\">\u00a0E\u011fitim Fak\u00fcltesi T\u00fcrk\u00e7e E\u011fitimi Ana<\/span><\/span><span class=\"s3\"><span class=\"bumpedFont15\">bilim Dal\u0131 Ba\u015fkan\u0131 Prof. Dr. O\u011fuzhan Y\u0131lmaz<\/span><\/span><span class=\"s3\"><span class=\"bumpedFont15\">,\u00a0<\/span><\/span><span class=\"s3\"><span class=\"bumpedFont15\">E\u011fitim Fak\u00fcltesi<\/span><\/span><span class=\"s3\"><span class=\"bumpedFont15\">\u00a0Fen Bilgisi E\u011fitimi Anabilim Dal\u0131 Ba\u015fkan\u0131\u00a0<\/span><\/span><span class=\"s3\"><span class=\"bumpedFont15\">Do\u00e7<\/span><\/span><span class=\"s3\"><span class=\"bumpedFont15\">.<\/span><\/span><span class=\"s3\"><span class=\"bumpedFont15\">\u00a0Dr. Faruk\u00a0<\/span><\/span><span class=\"s3\"><span class=\"bumpedFont15\">Karda\u015f<\/span><\/span><span class=\"s3\"><span class=\"bumpedFont15\">,<\/span><\/span><span class=\"s3\"><span class=\"bumpedFont15\">\u00a0E\u011fitim Fak\u00fcltesi \u0130lk\u00f6\u011fretim Matematik E\u011fitimi Ana<\/span><\/span><span class=\"s3\"><span class=\"bumpedFont15\">bilim Dal\u0131 Ba\u015fkan\u0131\u00a0<\/span><\/span><span class=\"s3\"><span class=\"bumpedFont15\">Dr. \u00d6\u011fr<\/span><\/span><span class=\"s3\"><span class=\"bumpedFont15\">.<\/span><\/span><span class=\"s3\"><span class=\"bumpedFont15\">\u00a0\u00dcyesi Rabia Nagehan\u00a0<\/span><\/span><span class=\"s3\"><span class=\"bumpedFont15\">\u00dcregen<\/span><\/span><span class=\"s3\"><span class=\"bumpedFont15\">\u2019e<\/span><\/span>\u00a0<span class=\"s3\"><span class=\"bumpedFont15\">fak\u00fclteleri ad\u0131na\u00a0<\/span><\/span><span class=\"s3\"><span class=\"bumpedFont15\">\u00f6d\u00fclleri takdim edildi.<\/span><\/span><\/p>\n<p>&nbsp;<\/p>\n<p><span class=\"s2\"><span class=\"bumpedFont15\">\u201c<\/span><\/span><span class=\"s2\"><span class=\"bumpedFont15\">\u0130\u00e7 Payda\u015f Memnuniyet<\/span><\/span><span class=\"s2\"><span class=\"bumpedFont15\">\u00a0\u00d6d\u00fcl\u00fc<\/span><\/span><span class=\"s2\"><span class=\"bumpedFont15\">\u201d<\/span><\/span><span class=\"s3\"><span class=\"bumpedFont15\">\u00a0kategorisi<\/span><\/span><span class=\"s3\"><span class=\"bumpedFont15\">nde<\/span><\/span>\u00a0<span class=\"s3\"><span class=\"bumpedFont15\">E\u011fitim Fak\u00fcltesi Dekan\u0131 Prof. Dr. M\u00fccahit Ka\u011fan,\u00a0<\/span><\/span><span class=\"s3\"><span class=\"bumpedFont15\">Refahiye Bahar Y\u0131ld\u0131r\u0131m Sa\u011fl\u0131k Hizmetleri Meslek Y\u00fcksekokulu\u00a0<\/span><\/span><span class=\"s3\"><span class=\"bumpedFont15\">M\u00fcd\u00fcr\u00fc Prof. Dr. Orhan\u00a0<\/span><\/span><span class=\"s3\"><span class=\"bumpedFont15\">Ta\u015fkesen<\/span><\/span><span class=\"s3\"><span class=\"bumpedFont15\">, Personel Daire Ba\u015fkanl\u0131\u011f\u0131\u00a0<\/span><\/span><span class=\"s3\"><span class=\"bumpedFont15\">Daire Ba\u015fkan\u0131 Erhan Ungan<\/span><\/span><span class=\"s3\"><span class=\"bumpedFont15\">\u2019a bi<\/span><\/span><span class=\"s3\"><span class=\"bumpedFont15\">rimleri ad\u0131na \u00f6d\u00fclleri takdim edildi.<\/span><\/span><\/p>\n<p>&nbsp;<\/p>\n<p><span class=\"s3\"><span class=\"bumpedFont15\">\u201c<\/span><\/span><span class=\"s2\"><span class=\"bumpedFont15\">\u00d6\u011fretim S\u00fcreci Memnuniyet \u00d6d\u00fcl\u00fc<\/span><\/span><span class=\"s3\"><span class=\"bumpedFont15\">\u201d<\/span><\/span><span class=\"s3\"><span class=\"bumpedFont15\">\u00a0kategorisinde<\/span><\/span><span class=\"s3\"><span class=\"bumpedFont15\">,<\/span><\/span><span class=\"s3\"><span class=\"bumpedFont15\">\u00dcz\u00fcml\u00fc Meslek Y\u00fcksekokulu M\u00fcd\u00fcr\u00fc Prof. Dr. Cem \u015eems\u00a0<\/span><\/span><span class=\"s3\"><span class=\"bumpedFont15\">T\u00fcmer,<\/span><\/span><span class=\"s3\"><span class=\"bumpedFont15\">\u00a0Di\u015f Hekimli\u011fi Fak\u00fcltes<\/span><\/span><span class=\"s3\"><span class=\"bumpedFont15\">i Dekan\u0131<\/span><\/span>\u00a0<span class=\"s3\"><span class=\"bumpedFont15\">Prof. Dr. Ertun\u00e7 D<\/span><\/span><span class=\"s3\"><span class=\"bumpedFont15\">ay\u0131\u2019ya fak\u00fcltesi ad\u0131na \u00f6d\u00fc<\/span><\/span><span class=\"s3\"><span class=\"bumpedFont15\">l<\/span><\/span><span class=\"s3\"><span class=\"bumpedFont15\">l<\/span><\/span><span class=\"s3\"><span class=\"bumpedFont15\">eri<\/span><\/span><span class=\"s3\"><span class=\"bumpedFont15\">\u00a0takdim edildi.<\/span><\/span><\/p>\n<p>&nbsp;<\/p>\n<p><span class=\"s2\"><span class=\"bumpedFont15\">\u201cTopluma Hizmet \u00d6d\u00fcl\u00fc\u201d<\/span><\/span><span class=\"s3\"><span class=\"bumpedFont15\">\u00a0kategorisi<\/span><\/span><span class=\"s3\"><span class=\"bumpedFont15\">nde<\/span><\/span>\u00a0<span class=\"s3\"><span class=\"bumpedFont15\">Sa\u011fl\u0131k Bilimleri Fak\u00fcltesi\u00a0<\/span><\/span><span class=\"s3\"><span class=\"bumpedFont15\">ad\u0131na\u00a0<\/span><\/span><span class=\"s3\"><span class=\"bumpedFont15\">Dekan Prof. Dr. Nadiye<\/span><\/span><span class=\"s3\"><span class=\"bumpedFont15\">\u00a0\u00d6<\/span><\/span><span class=\"s3\"><span class=\"bumpedFont15\">z<\/span><\/span><span class=\"s3\"><span class=\"bumpedFont15\">er\u2019e\u00a0<\/span><\/span><span class=\"s3\"><span class=\"bumpedFont15\">,<\/span><\/span><span class=\"s3\"><span class=\"bumpedFont15\">Prof.\u00a0<\/span><\/span><span class=\"s3\"><span class=\"bumpedFont15\">Dr. Serap Uz<\/span><\/span><span class=\"s3\"><span class=\"bumpedFont15\">u<\/span><\/span><span class=\"s3\"><span class=\"bumpedFont15\">ner Yurt<\/span><\/span><span class=\"s3\"><span class=\"bumpedFont15\">, Do\u00e7<\/span><\/span><span class=\"s3\"><span class=\"bumpedFont15\">.<\/span><\/span><span class=\"s3\"><span class=\"bumpedFont15\">\u00a0Dr. Sevin\u00e7 K\u00f6se\u00a0<\/span><\/span><span class=\"s3\"><span class=\"bumpedFont15\">Tuncer,\u00a0<\/span><\/span><span class=\"s3\"><span class=\"bumpedFont15\">Dr. \u00d6\u011fr. \u00dcyesi Cemalettin Budak<\/span><\/span><span class=\"s3\"><span class=\"bumpedFont15\">\u00a0ve\u00a0<\/span><\/span><span class=\"s3\"><span class=\"bumpedFont15\">\u00d6\u011fr. G\u00f6r. Bayram\u00a0<\/span><\/span><span class=\"s3\"><span class=\"bumpedFont15\">Dele\u015f<\/span><\/span><span class=\"s3\"><span class=\"bumpedFont15\">\u2019e<\/span><\/span><span class=\"s3\"><span class=\"bumpedFont15\">\u00a0is<\/span><\/span><span class=\"s3\"><span class=\"bumpedFont15\">e bireysel \u00f6d\u00fclleri takdim edildi.<\/span><\/span><\/p>\n<p>&nbsp;<\/p>\n<p><span class=\"s2\"><span class=\"bumpedFont15\">\u201c<\/span><\/span><span class=\"s2\"><span class=\"bumpedFont15\">\u00d6\u011frenci K<\/span><\/span><span class=\"s2\"><span class=\"bumpedFont15\">al<\/span><\/span><span class=\"s2\"><span class=\"bumpedFont15\">ite El\u00e7isi \u00d6d\u00fcl\u00fc<\/span><\/span><span class=\"s2\"><span class=\"bumpedFont15\">\u201d<\/span><\/span>\u00a0<span class=\"s3\"><span class=\"bumpedFont15\">kategorisi<\/span><\/span><span class=\"s3\"><span class=\"bumpedFont15\">nde ise<\/span><\/span>\u00a0<span class=\"s3\"><span class=\"bumpedFont15\">Eczac\u0131l\u0131k Fak\u00fcltesi 3. S\u0131n\u0131f \u00d6\u011frencisi Canan A<\/span><\/span><span class=\"s3\"><span class=\"bumpedFont15\">slan\u2019a<\/span><\/span><span class=\"s3\"><span class=\"bumpedFont15\">\u00a0\u00f6d\u00fcl\u00fc takdim edildi.<\/span><\/span><\/p>\n<p><span class=\"s3\"><span class=\"bumpedFont15\">2022-2023 ve\u00a0<\/span><\/span><span class=\"s3\"><span class=\"bumpedFont15\">2023-2024 E\u011fitim-\u00d6\u011fretim Y\u0131l\u0131\u00a0<\/span><\/span><span class=\"s2\"><span class=\"bumpedFont15\">\u201cY\u0131l\u0131n E\u011fitici \u00d6d\u00fclleri\u201d<\/span><\/span>\u00a0<span class=\"s3\"><span class=\"bumpedFont15\">kapsam\u0131nda 25 \u00f6\u011fretim eleman\u0131na\u00a0<\/span><\/span><span class=\"s3\"><span class=\"bumpedFont15\">\u00f6d\u00fclleri takdim edildi.<\/span><\/span><\/p>\n<p>&nbsp;<\/p>\n<p><span class=\"s3\"><span class=\"bumpedFont15\">Ali Cavit \u00c7elebio\u011flu Sivil Havac\u0131l\u0131k Y\u00fcksekokulundan Dr. \u00d6\u011fr. \u00dcyesi \u00c7etin\u00a0<\/span><\/span><span class=\"s3\"><span class=\"bumpedFont15\">Yelgin<\/span><\/span><span class=\"s3\"><span class=\"bumpedFont15\">, Eczac\u0131l\u0131k Fak\u00fcltesinden Dr. \u00d6\u011fr. \u00dcyesi Ey\u00fcp Can Polat, E\u011fitim Fak\u00fcltesinden Prof. Dr. \u0130hsan \u00dcnl\u00fc, Fen Edebiyat Fak\u00fcltesinden Do\u00e7. Dr. Deniz Altun \u00c7olak , Hukuk Fak\u00fcltesinden<\/span><\/span>\u00a0<span class=\"s3\"><span class=\"bumpedFont15\">Dr. \u00d6\u011fr. \u00dcyesi Burhan Caner Hac\u0131o\u011flu , \u0130ktisadi Ve \u0130dari Bilimler Fak\u00fcltesinden<\/span><\/span>\u00a0<span class=\"s3\"><span class=\"bumpedFont15\">Do\u00e7. Dr. M\u00fcge Manga , \u0130li\u00e7 Dursun Y\u0131ld\u0131r\u0131m Meslek Y\u00fcksekokulundan Dr. \u00d6\u011fr. \u00dcyesi Evren\u00a0<\/span><\/span><span class=\"s3\"><span class=\"bumpedFont15\">Bu\u011fa<\/span><\/span><span class=\"s3\"><span class=\"bumpedFont15\">\u00a0, Kemah Meslek Y\u00fcksekokulundan<\/span><\/span><span class=\"s3\"><span class=\"bumpedFont15\">\u00d6\u011fr. G\u00f6r.\u00a0<\/span><\/span><span class=\"s3\"><span class=\"bumpedFont15\">\u0130lteri\u015f<\/span><\/span><span class=\"s3\"><span class=\"bumpedFont15\">\u00a0Saltuk\u00a0<\/span><\/span><span class=\"s3\"><span class=\"bumpedFont15\">Kef\u00e7i<\/span><\/span><span class=\"s3\"><span class=\"bumpedFont15\">, Kemaliye Hac\u0131 Ali Ak\u0131n Uygulamal\u0131 Bilimler Y\u00fcksekokulundan<\/span><\/span>\u00a0<span class=\"s3\"><span class=\"bumpedFont15\">\u00d6\u011fr. G\u00f6r. Emre Varol, Meslek Y\u00fcksekokulundan \u00d6\u011fr. G\u00f6r. Yusuf Tu\u011frul \u015eiranl\u0131, M\u00fchendislik-Mimarl\u0131k Fak\u00fcltesinden Dr. \u00d6\u011fr. \u00dcyesi Aykut G\u00f6rkem Gelen , Refahiye Bahar Y\u0131ld\u0131r\u0131m Sa\u011fl\u0131k Hizmetleri Meslek Y\u00fcksekokulundan<\/span><\/span>\u00a0<span class=\"s3\"><span class=\"bumpedFont15\">\u00d6\u011fr. G\u00f6r. Nuriye Seda Sat\u0131ro\u011flu, Refahiye Meslek Y\u00fcksekokulundan<\/span><\/span>\u00a0<span class=\"s3\"><span class=\"bumpedFont15\">Dr. \u00d6\u011fr. \u00dcyesi Recep Macit, Sa\u011fl\u0131k Bilimleri Fak\u00fcltesinden<\/span><\/span>\u00a0<span class=\"s3\"><span class=\"bumpedFont15\">Dr. \u00d6\u011fr. \u00dcyesi Handan Ayd\u0131n Kahraman, Sa\u011fl\u0131k Hizmetleri Meslek Y\u00fcksekokulundan Do\u00e7. Dr. Fatih Aydo\u011fdu , Spor Bilimleri Fak\u00fcltesinden Dr. \u00d6\u011fr. \u00dcyesi Emrah Se\u00e7er, Tercan Meslek Y\u00fcksek Okulundan \u00d6\u011fr. G\u00f6r. El\u00e7in K\u0131l\u0131\u00e7 , T\u0131p Fak\u00fcltesinden Do\u00e7. Dr. Volkan\u00a0<\/span><\/span><span class=\"s3\"><span class=\"bumpedFont15\">K\u0131z\u0131lg\u00f6z<\/span><\/span><span class=\"s3\"><span class=\"bumpedFont15\">, Turizm Ve Otelcilik Meslek Y\u00fcksekokulundan \u00d6\u011fr. G\u00f6r. Ercan Kan,<\/span><\/span>\u00a0<span class=\"s3\"><span class=\"bumpedFont15\">\u00dcz\u00fcml\u00fc Meslek Y\u00fcksekokulundan \u00d6\u011fr. G\u00f6r. Kevser \u015eenocak, Eczac\u0131l\u0131k Fak\u00fcltesinden Dr. \u00d6\u011fr. \u00dcyesi K\u00fcbra Gizem Y\u0131ld\u0131ztekin, \u0130li\u00e7 Dursun Y\u0131ld\u0131r\u0131m Meslek Y\u00fcksekokulundan Dr. \u00d6\u011fr. \u00dcyesi Sevtap \u00c7a\u011flar Yavuz, Refahiye Bahar Y\u0131ld\u0131r\u0131m Sa\u011fl\u0131k Hizmetleri Meslek Y\u00fcksekokulundan \u00d6\u011fr. G\u00f6r. Zeynep\u00a0<\/span><\/span><span class=\"s3\"><span class=\"bumpedFont15\">\u00c7iftci<\/span><\/span><span class=\"s3\"><span class=\"bumpedFont15\">, Sa\u011fl\u0131k Bilimleri Fak\u00fcltesinden<\/span><\/span>\u00a0<span class=\"s3\"><span class=\"bumpedFont15\">Prof. Dr. Papatya Karakurt, Turizm\u00a0<\/span><\/span><span class=\"s3\"><span class=\"bumpedFont15\">v<\/span><\/span><span class=\"s3\"><span class=\"bumpedFont15\">e Otelcilik Meslek Y\u00fcksekokulundan \u00d6\u011fr. G\u00f6r. \u0130brahim Erhan\u00a0<\/span><\/span><span class=\"s3\"><span class=\"bumpedFont15\">Canbaba<\/span><\/span><span class=\"s3\"><span class=\"bumpedFont15\">\u2019ya<\/span><\/span><span class=\"s3\"><span class=\"bumpedFont15\">\u00a0\u00f6d\u00fclleri takdim edildi.<\/span><\/span><\/p>\n<p>&nbsp;<\/p>\n<p><span class=\"s3\"><span class=\"bumpedFont15\">T\u00f6ren<\/span><\/span><span class=\"s3\"><span class=\"bumpedFont15\">,\u00a0<\/span><\/span><span class=\"s3\"><span class=\"bumpedFont15\">t<\/span><\/span><span class=\"s3\"><span class=\"bumpedFont15\">oplu foto\u011fraf \u00e7ekiminden sonra<\/span><\/span><span class=\"s3\"><span class=\"bumpedFont15\">\u00a0sona erdi.<\/span><\/span><\/p>\n<p>&nbsp;<\/p>\n<p>\u00d6d\u00fcl T\u00f6renine ait t\u00fcm foto\u011fraflara bu linkten eri\u015febilirsiniz.<br \/>\nhttps:\/\/mega.nz\/folder\/R19iAaAI#XvVQDGcOfUh9fmkHUqOu9Q<\/p>\n<p>&nbsp;<\/p>\n<p>&nbsp;<\/p>\n<table>\n<tbody>\n<tr>\n<td width=\"302\"><img decoding=\"async\" class=\"aligncenter size-full wp-image-3933\" src=\"https:\/\/kalite.ebyu.edu.tr\/wp-content\/uploads\/2025\/03\/4.webp\" alt=\"\" width=\"1600\" height=\"1067\" srcset=\"https:\/\/kalite.ebyu.edu.tr\/wp-content\/uploads\/2025\/03\/4.webp 1600w, https:\/\/kalite.ebyu.edu.tr\/wp-content\/uploads\/2025\/03\/4-300x200.webp 300w, https:\/\/kalite.ebyu.edu.tr\/wp-content\/uploads\/2025\/03\/4-1024x683.webp 1024w, https:\/\/kalite.ebyu.edu.tr\/wp-content\/uploads\/2025\/03\/4-768x512.webp 768w, https:\/\/kalite.ebyu.edu.tr\/wp-content\/uploads\/2025\/03\/4-1536x1024.webp 1536w, https:\/\/kalite.ebyu.edu.tr\/wp-content\/uploads\/2025\/03\/4-1568x1046.webp 1568w\" sizes=\"(max-width: 1600px) 100vw, 1600px\" \/><\/td>\n<td width=\"302\"><img decoding=\"async\" class=\"aligncenter size-full wp-image-3932\" src=\"https:\/\/kalite.ebyu.edu.tr\/wp-content\/uploads\/2025\/03\/3.webp\" alt=\"\" width=\"1600\" height=\"1067\" srcset=\"https:\/\/kalite.ebyu.edu.tr\/wp-content\/uploads\/2025\/03\/3.webp 1600w, https:\/\/kalite.ebyu.edu.tr\/wp-content\/uploads\/2025\/03\/3-300x200.webp 300w, https:\/\/kalite.ebyu.edu.tr\/wp-content\/uploads\/2025\/03\/3-1024x683.webp 1024w, https:\/\/kalite.ebyu.edu.tr\/wp-content\/uploads\/2025\/03\/3-768x512.webp 768w, https:\/\/kalite.ebyu.edu.tr\/wp-content\/uploads\/2025\/03\/3-1536x1024.webp 1536w, https:\/\/kalite.ebyu.edu.tr\/wp-content\/uploads\/2025\/03\/3-1568x1046.webp 1568w\" sizes=\"(max-width: 1600px) 100vw, 1600px\" \/><\/td>\n<\/tr>\n<tr>\n<td width=\"302\"><img loading=\"lazy\" decoding=\"async\" class=\"aligncenter size-full wp-image-3931\" src=\"https:\/\/kalite.ebyu.edu.tr\/wp-content\/uploads\/2025\/03\/2.webp\" alt=\"\" width=\"1600\" height=\"1067\" srcset=\"https:\/\/kalite.ebyu.edu.tr\/wp-content\/uploads\/2025\/03\/2.webp 1600w, https:\/\/kalite.ebyu.edu.tr\/wp-content\/uploads\/2025\/03\/2-300x200.webp 300w, https:\/\/kalite.ebyu.edu.tr\/wp-content\/uploads\/2025\/03\/2-1024x683.webp 1024w, https:\/\/kalite.ebyu.edu.tr\/wp-content\/uploads\/2025\/03\/2-768x512.webp 768w, https:\/\/kalite.ebyu.edu.tr\/wp-content\/uploads\/2025\/03\/2-1536x1024.webp 1536w, https:\/\/kalite.ebyu.edu.tr\/wp-content\/uploads\/2025\/03\/2-1568x1046.webp 1568w\" sizes=\"(max-width: 1600px) 100vw, 1600px\" \/><\/td>\n<td width=\"302\"><img loading=\"lazy\" decoding=\"async\" class=\"aligncenter size-full wp-image-3930\" src=\"https:\/\/kalite.ebyu.edu.tr\/wp-content\/uploads\/2025\/03\/1.webp\" alt=\"\" width=\"1600\" height=\"1067\" srcset=\"https:\/\/kalite.ebyu.edu.tr\/wp-content\/uploads\/2025\/03\/1.webp 1600w, https:\/\/kalite.ebyu.edu.tr\/wp-content\/uploads\/2025\/03\/1-300x200.webp 300w, https:\/\/kalite.ebyu.edu.tr\/wp-content\/uploads\/2025\/03\/1-1024x683.webp 1024w, https:\/\/kalite.ebyu.edu.tr\/wp-content\/uploads\/2025\/03\/1-768x512.webp 768w, https:\/\/kalite.ebyu.edu.tr\/wp-content\/uploads\/2025\/03\/1-1536x1024.webp 1536w, https:\/\/kalite.ebyu.edu.tr\/wp-content\/uploads\/2025\/03\/1-1568x1046.webp 1568w\" sizes=\"(max-width: 1600px) 100vw, 1600px\" \/><\/td>\n<\/tr>\n<\/tbody>\n<\/table>\n<div class=\"pvc_clear\"><\/div>\n<p id=\"pvc_stats_3929\" class=\"pvc_stats total_only  \" data-element-id=\"3929\" style=\"\"><i class=\"pvc-stats-icon medium\" aria-hidden=\"true\"><svg xmlns=\"http:\/\/www.w3.org\/2000\/svg\" version=\"1.0\" viewBox=\"0 0 502 315\" preserveAspectRatio=\"xMidYMid meet\"><g transform=\"translate(0,332) scale(0.1,-0.1)\" fill=\"\" stroke=\"none\"><path d=\"M2394 3279 l-29 -30 -3 -207 c-2 -182 0 -211 15 -242 39 -76 157 -76 196 0 15 31 17 60 15 243 l-3 209 -33 29 c-26 23 -41 29 -80 29 -41 0 -53 -5 -78 -31z\"\/><path d=\"M3085 3251 c-45 -19 -58 -50 -96 -229 -47 -217 -49 -260 -13 -295 52 -53 146 -42 177 20 16 31 87 366 87 410 0 70 -86 122 -155 94z\"\/><path d=\"M1751 3234 c-13 -9 -29 -31 -37 -50 -12 -29 -10 -49 21 -204 19 -94 39 -189 45 -210 14 -50 54 -80 110 -80 34 0 48 6 76 34 21 21 34 44 34 59 0 14 -18 113 -40 219 -37 178 -43 195 -70 221 -36 32 -101 37 -139 11z\"\/><path d=\"M1163 3073 c-36 -7 -73 -59 -73 -102 0 -56 133 -378 171 -413 34 -32 83 -37 129 -13 70 36 67 87 -16 290 -86 209 -89 214 -129 231 -35 14 -42 15 -82 7z\"\/><path d=\"M3689 3066 c-15 -9 -33 -30 -42 -48 -48 -103 -147 -355 -147 -375 0 -98 131 -148 192 -74 13 15 57 108 97 206 80 196 84 226 37 273 -30 30 -99 39 -137 18z\"\/><path d=\"M583 2784 c-38 -19 -67 -74 -58 -113 9 -42 211 -354 242 -373 16 -10 45 -18 66 -18 51 0 107 52 107 100 0 39 -1 41 -124 234 -80 126 -108 162 -133 173 -41 17 -61 16 -100 -3z\"\/><path d=\"M4250 2784 c-14 -9 -74 -91 -133 -183 -95 -150 -107 -173 -107 -213 0 -55 33 -94 87 -104 67 -13 90 8 211 198 130 202 137 225 78 284 -27 27 -42 34 -72 34 -22 0 -50 -8 -64 -16z\"\/><path d=\"M2275 2693 c-553 -48 -1095 -270 -1585 -649 -135 -104 -459 -423 -483 -476 -23 -49 -22 -139 2 -186 73 -142 361 -457 571 -626 285 -228 642 -407 990 -497 242 -63 336 -73 660 -74 310 0 370 5 595 52 535 111 1045 392 1455 803 122 121 250 273 275 326 19 41 19 137 0 174 -41 79 -309 363 -465 492 -447 370 -946 591 -1479 653 -113 14 -422 18 -536 8z m395 -428 c171 -34 330 -124 456 -258 112 -119 167 -219 211 -378 27 -96 24 -300 -5 -401 -72 -255 -236 -447 -474 -557 -132 -62 -201 -76 -368 -76 -167 0 -236 14 -368 76 -213 98 -373 271 -451 485 -162 444 86 934 547 1084 153 49 292 57 452 25z m909 -232 c222 -123 408 -262 593 -441 76 -74 138 -139 138 -144 0 -16 -233 -242 -330 -319 -155 -123 -309 -223 -461 -299 l-81 -41 32 46 c18 26 49 83 70 128 143 306 141 649 -6 957 -25 52 -61 116 -79 142 l-34 47 45 -20 c26 -10 76 -36 113 -56z m-2057 25 c-40 -58 -105 -190 -130 -263 -110 -324 -59 -707 132 -981 25 -35 42 -64 37 -64 -19 0 -241 119 -326 174 -188 122 -406 314 -532 468 l-58 71 108 103 c185 178 428 349 672 473 66 33 121 60 123 61 2 0 -10 -19 -26 -42z\"\/><path d=\"M2375 1950 c-198 -44 -350 -190 -395 -379 -18 -76 -8 -221 19 -290 114 -284 457 -406 731 -260 98 52 188 154 231 260 27 69 37 214 19 290 -38 163 -166 304 -326 360 -67 23 -215 33 -279 19z\"\/><\/g><\/svg><\/i> <img loading=\"lazy\" decoding=\"async\" width=\"16\" height=\"16\" alt=\"Loading\" src=\"https:\/\/kalite.ebyu.edu.tr\/wp-content\/plugins\/page-views-count\/ajax-loader-2x.gif\" border=0 \/><\/p>\n<div class=\"pvc_clear\"><\/div>\n","protected":false},"excerpt":{"rendered":"<p>&nbsp; Erzincan Binali Y\u0131ld\u0131r\u0131m \u00dcniversitesinde\u00a0\u201cKalite \u00d6d\u00fclleri ve Y\u0131l\u0131n E\u011fiticisi \u00d6d\u00fcl T\u00f6reni\u201d d\u00fczenlendi. &nbsp; T\u00f6ren,\u00a0Rekt\u00f6r\u00fcm\u00fcz Prof. Dr. Ak\u0131n Levent, Rekt\u00f6r Yard\u0131mc\u0131lar\u0131 Prof. Ercan Ekinci, Prof. Dr.\u00a0\u00c2dem\u00a0Ba\u015f\u0131b\u00fcy\u00fck, Prof. Dr.\u00a0\u00c7a\u011fr\u0131 \u00c7\u0131rak, akademik,\u00a0idari personel\u00a0ve \u00f6\u011frenciler kat\u0131l\u0131m\u0131yla Prof. Dr. Erdo\u011fan\u00a0B\u00fcy\u00fckkasap\u00a0Kongre ve K\u00fclt\u00fcr Merkezinde ger\u00e7ekle\u015fti. &nbsp; \u201cKalite \u00d6d\u00fclleri ve Y\u0131l\u0131n E\u011fiticisi \u00d6d\u00fcl T\u00f6reni\u201d\u00a0\u00fcniversitemiz\u00a0Rekt\u00f6r\u00fc Prof. Dr. Ak\u0131n\u00a0Levent\u2019in\u00a0a\u00e7\u0131l\u0131\u015f konu\u015fmas\u0131yla\u00a0ba\u015flad\u0131.\u00a0Konu\u015fmas\u0131na t\u00f6renin ikincisini d\u00fczenlemenin gururunu&hellip; <a class=\"more-link\" href=\"https:\/\/kalite.ebyu.edu.tr\/?p=3929\">Okumaya devam et <span class=\"screen-reader-text\">EBY\u00dc\u2019de Kalite \u00d6d\u00fclleri ve Y\u0131l\u0131n E\u011fiticisi \u00d6d\u00fcl T\u00f6reni D\u00fczenlendi<\/span><\/a><\/p>\n","protected":false},"author":13,"featured_media":3934,"comment_status":"closed","ping_status":"closed","sticky":false,"template":"","format":"standard","meta":{"footnotes":""},"categories":[21],"tags":[],"class_list":["post-3929","post","type-post","status-publish","format-standard","has-post-thumbnail","hentry","category-haberler","entry"],"_links":{"self":[{"href":"https:\/\/kalite.ebyu.edu.tr\/index.php?rest_route=\/wp\/v2\/posts\/3929","targetHints":{"allow":["GET"]}}],"collection":[{"href":"https:\/\/kalite.ebyu.edu.tr\/index.php?rest_route=\/wp\/v2\/posts"}],"about":[{"href":"https:\/\/kalite.ebyu.edu.tr\/index.php?rest_route=\/wp\/v2\/types\/post"}],"author":[{"embeddable":true,"href":"https:\/\/kalite.ebyu.edu.tr\/index.php?rest_route=\/wp\/v2\/users\/13"}],"replies":[{"embeddable":true,"href":"https:\/\/kalite.ebyu.edu.tr\/index.php?rest_route=%2Fwp%2Fv2%2Fcomments&post=3929"}],"version-history":[{"count":3,"href":"https:\/\/kalite.ebyu.edu.tr\/index.php?rest_route=\/wp\/v2\/posts\/3929\/revisions"}],"predecessor-version":[{"id":3936,"href":"https:\/\/kalite.ebyu.edu.tr\/index.php?rest_route=\/wp\/v2\/posts\/3929\/revisions\/3936"}],"wp:featuredmedia":[{"embeddable":true,"href":"https:\/\/kalite.ebyu.edu.tr\/index.php?rest_route=\/wp\/v2\/media\/3934"}],"wp:attachment":[{"href":"https:\/\/kalite.ebyu.edu.tr\/index.php?rest_route=%2Fwp%2Fv2%2Fmedia&parent=3929"}],"wp:term":[{"taxonomy":"category","embeddable":true,"href":"https:\/\/kalite.ebyu.edu.tr\/index.php?rest_route=%2Fwp%2Fv2%2Fcategories&post=3929"},{"taxonomy":"post_tag","embeddable":true,"href":"https:\/\/kalite.ebyu.edu.tr\/index.php?rest_route=%2Fwp%2Fv2%2Ftags&post=3929"}],"curies":[{"name":"wp","href":"https:\/\/api.w.org\/{rel}","templated":true}]}}