{"id":3836,"date":"2024-10-08T13:14:44","date_gmt":"2024-10-08T10:14:44","guid":{"rendered":"https:\/\/kalite.ebyu.edu.tr\/?p=3836"},"modified":"2024-10-08T13:15:25","modified_gmt":"2024-10-08T10:15:25","slug":"eczacilik-fakultesinde-kalite-ve-akreditasyon-sureci-degerlendirme-toplantisi-gerceklestirildi","status":"publish","type":"post","link":"https:\/\/kalite.ebyu.edu.tr\/?p=3836","title":{"rendered":"Eczac\u0131l\u0131k Fak\u00fcltesinde Kalite ve Akreditasyon S\u00fcreci De\u011ferlendirme Toplant\u0131s\u0131 Ger\u00e7ekle\u015ftirildi"},"content":{"rendered":"<p>Kalite Koordinat\u00f6rl\u00fc\u011f\u00fc \u00fcyeleri ve Eczac\u0131l\u0131k Fak\u00fcltesi F\u00d6DEK\/Birim Kalite Komisyonu \u00fcyelerinin kat\u0131l\u0131m\u0131yla Kalite S\u00fcreci ve Akreditasyon \u00e7al\u0131\u015fmalar\u0131 kapsam\u0131nda Eczac\u0131l\u0131k Fak\u00fcltesinin g\u00fc\u00e7l\u00fc y\u00f6nleri ile iyile\u015fmeye a\u00e7\u0131k y\u00f6nlerinin Liderlik, Y\u00f6neti\u015fim ve Kalite, E\u011fitim ve \u00d6\u011fretim, Ara\u015ft\u0131rma ve Geli\u015ftirme ve Toplumsal Katk\u0131 ba\u015fl\u0131klar\u0131 alt\u0131nda al\u0131nan \u00f6nlemler, ger\u00e7ekle\u015ftirilen faaliyetler sonucunda sa\u011flanan iyile\u015ftirmelerle ilgili de\u011ferlendirmelerin yap\u0131ld\u0131\u011f\u0131 bir toplant\u0131 ger\u00e7ekle\u015ftirildi.<\/p>\n<p>&nbsp;<\/p>\n<p>Toplant\u0131da Eczac\u0131l\u0131k Fak\u00fcltesinin Birim \u00d6z De\u011ferlendirme Raporu, s\u00fcre\u00e7 kapsam\u0131nda ger\u00e7ekle\u015ftirilen faaliyetler ile \u00f6n\u00fcm\u00fczdeki s\u00fcre\u00e7te planlanan \u00e7al\u0131\u015fmalar g\u00f6r\u00fc\u015f\u00fcld\u00fc. Toplant\u0131 sonunda Eczac\u0131l\u0131k Fak\u00fcltesi Dekan\u0131 Prof. Dr. \u00d6ztekin Alg\u00fcl, Kalite S\u00fcreci \u00e7al\u0131\u015fmalar\u0131nda s\u00fcrekli iyile\u015ftirme \u00e7al\u0131\u015fmalar\u0131na devam edilmesi temennisiyle kat\u0131l\u0131mc\u0131lara te\u015fekk\u00fcr etti.<\/p>\n<p>&nbsp;<\/p>\n<table>\n<tbody>\n<tr>\n<td width=\"302\"><img fetchpriority=\"high\" decoding=\"async\" class=\"aligncenter wp-image-3839\" src=\"https:\/\/kalite.ebyu.edu.tr\/wp-content\/uploads\/2024\/10\/WhatsApp-Image-2024-10-08-at-08.30.46-300x225-1.jpeg\" alt=\"\" width=\"412\" height=\"308\" \/><\/td>\n<td width=\"302\"><img decoding=\"async\" class=\"aligncenter wp-image-3837\" src=\"https:\/\/kalite.ebyu.edu.tr\/wp-content\/uploads\/2024\/10\/WhatsApp-Image-2024-10-08-at-08.30.07-300x225-1.jpeg\" alt=\"\" width=\"412\" height=\"308\" \/><\/td>\n<\/tr>\n<\/tbody>\n<\/table>\n<p>&nbsp;<\/p>\n<p>&nbsp;<\/p>\n<div class=\"pvc_clear\"><\/div>\n<p id=\"pvc_stats_3836\" class=\"pvc_stats total_only  \" data-element-id=\"3836\" style=\"\"><i class=\"pvc-stats-icon medium\" aria-hidden=\"true\"><svg xmlns=\"http:\/\/www.w3.org\/2000\/svg\" version=\"1.0\" viewBox=\"0 0 502 315\" preserveAspectRatio=\"xMidYMid meet\"><g transform=\"translate(0,332) scale(0.1,-0.1)\" fill=\"\" stroke=\"none\"><path d=\"M2394 3279 l-29 -30 -3 -207 c-2 -182 0 -211 15 -242 39 -76 157 -76 196 0 15 31 17 60 15 243 l-3 209 -33 29 c-26 23 -41 29 -80 29 -41 0 -53 -5 -78 -31z\"\/><path d=\"M3085 3251 c-45 -19 -58 -50 -96 -229 -47 -217 -49 -260 -13 -295 52 -53 146 -42 177 20 16 31 87 366 87 410 0 70 -86 122 -155 94z\"\/><path d=\"M1751 3234 c-13 -9 -29 -31 -37 -50 -12 -29 -10 -49 21 -204 19 -94 39 -189 45 -210 14 -50 54 -80 110 -80 34 0 48 6 76 34 21 21 34 44 34 59 0 14 -18 113 -40 219 -37 178 -43 195 -70 221 -36 32 -101 37 -139 11z\"\/><path d=\"M1163 3073 c-36 -7 -73 -59 -73 -102 0 -56 133 -378 171 -413 34 -32 83 -37 129 -13 70 36 67 87 -16 290 -86 209 -89 214 -129 231 -35 14 -42 15 -82 7z\"\/><path d=\"M3689 3066 c-15 -9 -33 -30 -42 -48 -48 -103 -147 -355 -147 -375 0 -98 131 -148 192 -74 13 15 57 108 97 206 80 196 84 226 37 273 -30 30 -99 39 -137 18z\"\/><path d=\"M583 2784 c-38 -19 -67 -74 -58 -113 9 -42 211 -354 242 -373 16 -10 45 -18 66 -18 51 0 107 52 107 100 0 39 -1 41 -124 234 -80 126 -108 162 -133 173 -41 17 -61 16 -100 -3z\"\/><path d=\"M4250 2784 c-14 -9 -74 -91 -133 -183 -95 -150 -107 -173 -107 -213 0 -55 33 -94 87 -104 67 -13 90 8 211 198 130 202 137 225 78 284 -27 27 -42 34 -72 34 -22 0 -50 -8 -64 -16z\"\/><path d=\"M2275 2693 c-553 -48 -1095 -270 -1585 -649 -135 -104 -459 -423 -483 -476 -23 -49 -22 -139 2 -186 73 -142 361 -457 571 -626 285 -228 642 -407 990 -497 242 -63 336 -73 660 -74 310 0 370 5 595 52 535 111 1045 392 1455 803 122 121 250 273 275 326 19 41 19 137 0 174 -41 79 -309 363 -465 492 -447 370 -946 591 -1479 653 -113 14 -422 18 -536 8z m395 -428 c171 -34 330 -124 456 -258 112 -119 167 -219 211 -378 27 -96 24 -300 -5 -401 -72 -255 -236 -447 -474 -557 -132 -62 -201 -76 -368 -76 -167 0 -236 14 -368 76 -213 98 -373 271 -451 485 -162 444 86 934 547 1084 153 49 292 57 452 25z m909 -232 c222 -123 408 -262 593 -441 76 -74 138 -139 138 -144 0 -16 -233 -242 -330 -319 -155 -123 -309 -223 -461 -299 l-81 -41 32 46 c18 26 49 83 70 128 143 306 141 649 -6 957 -25 52 -61 116 -79 142 l-34 47 45 -20 c26 -10 76 -36 113 -56z m-2057 25 c-40 -58 -105 -190 -130 -263 -110 -324 -59 -707 132 -981 25 -35 42 -64 37 -64 -19 0 -241 119 -326 174 -188 122 -406 314 -532 468 l-58 71 108 103 c185 178 428 349 672 473 66 33 121 60 123 61 2 0 -10 -19 -26 -42z\"\/><path d=\"M2375 1950 c-198 -44 -350 -190 -395 -379 -18 -76 -8 -221 19 -290 114 -284 457 -406 731 -260 98 52 188 154 231 260 27 69 37 214 19 290 -38 163 -166 304 -326 360 -67 23 -215 33 -279 19z\"\/><\/g><\/svg><\/i> <img decoding=\"async\" width=\"16\" height=\"16\" alt=\"Loading\" src=\"https:\/\/kalite.ebyu.edu.tr\/wp-content\/plugins\/page-views-count\/ajax-loader-2x.gif\" border=0 \/><\/p>\n<div class=\"pvc_clear\"><\/div>\n","protected":false},"excerpt":{"rendered":"<p>Kalite Koordinat\u00f6rl\u00fc\u011f\u00fc \u00fcyeleri ve Eczac\u0131l\u0131k Fak\u00fcltesi F\u00d6DEK\/Birim Kalite Komisyonu \u00fcyelerinin kat\u0131l\u0131m\u0131yla Kalite S\u00fcreci ve Akreditasyon \u00e7al\u0131\u015fmalar\u0131 kapsam\u0131nda Eczac\u0131l\u0131k Fak\u00fcltesinin g\u00fc\u00e7l\u00fc y\u00f6nleri ile iyile\u015fmeye a\u00e7\u0131k y\u00f6nlerinin Liderlik, Y\u00f6neti\u015fim ve Kalite, E\u011fitim ve \u00d6\u011fretim, Ara\u015ft\u0131rma ve Geli\u015ftirme ve Toplumsal Katk\u0131 ba\u015fl\u0131klar\u0131 alt\u0131nda al\u0131nan \u00f6nlemler, ger\u00e7ekle\u015ftirilen faaliyetler sonucunda sa\u011flanan iyile\u015ftirmelerle ilgili de\u011ferlendirmelerin yap\u0131ld\u0131\u011f\u0131 bir toplant\u0131 ger\u00e7ekle\u015ftirildi. &nbsp; Toplant\u0131da&hellip; <a class=\"more-link\" href=\"https:\/\/kalite.ebyu.edu.tr\/?p=3836\">Okumaya devam et <span class=\"screen-reader-text\">Eczac\u0131l\u0131k Fak\u00fcltesinde Kalite ve Akreditasyon S\u00fcreci De\u011ferlendirme Toplant\u0131s\u0131 Ger\u00e7ekle\u015ftirildi<\/span><\/a><\/p>\n","protected":false},"author":13,"featured_media":3838,"comment_status":"closed","ping_status":"closed","sticky":false,"template":"","format":"standard","meta":{"footnotes":""},"categories":[21],"tags":[],"class_list":["post-3836","post","type-post","status-publish","format-standard","has-post-thumbnail","hentry","category-haberler","entry"],"_links":{"self":[{"href":"https:\/\/kalite.ebyu.edu.tr\/index.php?rest_route=\/wp\/v2\/posts\/3836","targetHints":{"allow":["GET"]}}],"collection":[{"href":"https:\/\/kalite.ebyu.edu.tr\/index.php?rest_route=\/wp\/v2\/posts"}],"about":[{"href":"https:\/\/kalite.ebyu.edu.tr\/index.php?rest_route=\/wp\/v2\/types\/post"}],"author":[{"embeddable":true,"href":"https:\/\/kalite.ebyu.edu.tr\/index.php?rest_route=\/wp\/v2\/users\/13"}],"replies":[{"embeddable":true,"href":"https:\/\/kalite.ebyu.edu.tr\/index.php?rest_route=%2Fwp%2Fv2%2Fcomments&post=3836"}],"version-history":[{"count":5,"href":"https:\/\/kalite.ebyu.edu.tr\/index.php?rest_route=\/wp\/v2\/posts\/3836\/revisions"}],"predecessor-version":[{"id":3844,"href":"https:\/\/kalite.ebyu.edu.tr\/index.php?rest_route=\/wp\/v2\/posts\/3836\/revisions\/3844"}],"wp:featuredmedia":[{"embeddable":true,"href":"https:\/\/kalite.ebyu.edu.tr\/index.php?rest_route=\/wp\/v2\/media\/3838"}],"wp:attachment":[{"href":"https:\/\/kalite.ebyu.edu.tr\/index.php?rest_route=%2Fwp%2Fv2%2Fmedia&parent=3836"}],"wp:term":[{"taxonomy":"category","embeddable":true,"href":"https:\/\/kalite.ebyu.edu.tr\/index.php?rest_route=%2Fwp%2Fv2%2Fcategories&post=3836"},{"taxonomy":"post_tag","embeddable":true,"href":"https:\/\/kalite.ebyu.edu.tr\/index.php?rest_route=%2Fwp%2Fv2%2Ftags&post=3836"}],"curies":[{"name":"wp","href":"https:\/\/api.w.org\/{rel}","templated":true}]}}