{"id":3185,"date":"2023-09-29T17:00:20","date_gmt":"2023-09-29T14:00:20","guid":{"rendered":"https:\/\/kalite.ebyu.edu.tr\/?p=3185"},"modified":"2023-10-02T14:36:17","modified_gmt":"2023-10-02T11:36:17","slug":"akademik-ve-idari-personele-yonelik-diksiyon-ve-kurumsal-iletisim-egitimi-verildi","status":"publish","type":"post","link":"https:\/\/kalite.ebyu.edu.tr\/?p=3185","title":{"rendered":"Akademik ve \u0130dari Personele Y\u00f6nelik Diksiyon ve Kurumsal \u0130leti\u015fim E\u011fitimi Verildi"},"content":{"rendered":"<p>Erzincan Binali Y\u0131ld\u0131r\u0131m \u00dcniversitesi Kalite Koordinat\u00f6rl\u00fc\u011f\u00fc taraf\u0131ndan 2023 y\u0131l\u0131 hizmet i\u00e7i e\u011fitim plan\u0131 kapsam\u0131nda akademik ve idari personelimize y\u00f6nelik \u201cDiksiyon ve Kurumsal \u0130leti\u015fim\u201d konulu e\u011fitim program\u0131 d\u00fczenlendi.<\/p>\n<p>&nbsp;<\/p>\n<p>Yaln\u0131zba\u011f Yerle\u015fkesi Prof. Dr. Erdo\u011fan B\u00fcy\u00fckkasap Kongre ve K\u00fclt\u00fcr Merkezi\u2019nde ger\u00e7ekle\u015fen e\u011fitime Rekt\u00f6r Yard\u0131mc\u0131s\u0131 ve Kalite Koordinat\u00f6r\u00fc Prof. Dr. A. Ercan Ekinci, Genel Sekreter V. Metin U\u011furt\u00fcrk, Kalite Koordinat\u00f6r Yrd. Dr. \u00d6\u011fr. \u00dcyesi M. K\u00fcr\u015fat \u00d6ks\u00fcz, Personel Daire Bakanl\u0131\u011f\u0131 \u015eube M\u00fcd\u00fcr\u00fc Ne\u015fe Ta\u015fkolu, akademik ve idari personel kat\u0131ld\u0131.<\/p>\n<p>&nbsp;<\/p>\n<p>Program\u0131n a\u00e7\u0131l\u0131\u015f konu\u015fmas\u0131n\u0131 yapan Rekt\u00f6r Yard\u0131mc\u0131s\u0131 ve Kalite Koordinat\u00f6r\u00fc Prof. Dr. A. Ercan Ekinci, \u00dcniversitemizin Kurumsal Akreditasyon ba\u015fvurusunun kabul edildi\u011fi ve \u00f6n\u00fcm\u00fczdeki aylarda de\u011ferlendirme s\u00fcrecinden ge\u00e7ilece\u011fini belirterek bu s\u00fcre\u00e7te topyek\u00fbn bir kalite seferberli\u011fi ba\u015flat\u0131ld\u0131\u011f\u0131n\u0131 ifade etti. Bu kapsamda, Diksiyon ve Kurumsal \u0130leti\u015fim E\u011fitimi ile yeni e\u011fitim-\u00f6\u011fretim y\u0131l\u0131na g\u00fczel bir ba\u015flang\u0131\u00e7 yap\u0131lmas\u0131n\u0131n hedeflendi\u011fini ve T\u00fcrk Dil Bayram\u0131\u2019n\u0131n kutland\u0131\u011f\u0131 bu haftada b\u00f6yle bir etkinli\u011fin ger\u00e7ekle\u015ftirilmesinin de g\u00fczel bir tevafuk oldu\u011funu belirterek yeni e\u011fitim-\u00f6\u011fretim y\u0131l\u0131n\u0131n t\u00fcm personel ve \u00f6\u011frencilere hay\u0131rl\u0131 olmas\u0131 temenni etti.<\/p>\n<p>&nbsp;<\/p>\n<p>Eray \u00dcz\u00fcmc\u00fc taraf\u0131ndan verilen e\u011fitimde diksiyonun \u00f6nemi, do\u011fru nefes alma teknikleri, ses tonu ve vurgu kullan\u0131m\u0131, beden dili ve jestlerin etkili kullan\u0131m\u0131, kurumsal ileti\u015fim gibi konular hakk\u0131nda kat\u0131l\u0131mc\u0131lar bilgilendirildi. E\u011fitim sonunda etkinli\u011fin de\u011ferlendirilmesi ve geri d\u00f6n\u00fc\u015fler do\u011frultusunda daha iyi hale getirilmesi i\u00e7in Kalite Koordinat\u00f6rl\u00fc\u011f\u00fc taraf\u0131ndan karekod arac\u0131l\u0131\u011f\u0131yla Etkinlik De\u011ferlendirme Anketi uyguland\u0131. Anket sonu\u00e7lar\u0131na g\u00f6re e\u011fitimden memnuniyet oran\u0131n\u0131n yakla\u015f\u0131k %80 ile y\u00fcksek bir seviyede ger\u00e7ekle\u015fti\u011fi g\u00f6r\u00fcld\u00fc.<\/p>\n<p>&nbsp;<\/p>\n<table>\n<tbody>\n<tr>\n<td width=\"214\"><img fetchpriority=\"high\" decoding=\"async\" class=\"aligncenter\" src=\"https:\/\/kalite.ebyu.edu.tr\/wp-content\/uploads\/2023\/10\/WhatsApp-Image-2023-09-29-at-15.50.52-1.jpeg\" width=\"450\" height=\"301\" \/><\/td>\n<td width=\"214\"><img decoding=\"async\" class=\"aligncenter\" src=\"https:\/\/kalite.ebyu.edu.tr\/wp-content\/uploads\/2023\/10\/WhatsApp-Image-2023-09-29-at-15.50.52.jpeg\" width=\"450\" height=\"301\" \/><\/td>\n<\/tr>\n<tr>\n<td width=\"214\"><img decoding=\"async\" class=\"aligncenter\" src=\"https:\/\/kalite.ebyu.edu.tr\/wp-content\/uploads\/2023\/10\/WhatsApp-Image-2023-09-29-at-15.50.52-4.jpeg\" width=\"450\" height=\"301\" \/><\/td>\n<td width=\"214\"><img loading=\"lazy\" decoding=\"async\" class=\"aligncenter  wp-image-3189\" src=\"https:\/\/kalite.ebyu.edu.tr\/wp-content\/uploads\/2023\/10\/WhatsApp-Image-2023-09-29-at-15.50.52-3.jpeg\" alt=\"\" width=\"450\" height=\"301\" srcset=\"https:\/\/kalite.ebyu.edu.tr\/wp-content\/uploads\/2023\/10\/WhatsApp-Image-2023-09-29-at-15.50.52-3.jpeg 1600w, https:\/\/kalite.ebyu.edu.tr\/wp-content\/uploads\/2023\/10\/WhatsApp-Image-2023-09-29-at-15.50.52-3-300x200.jpeg 300w, https:\/\/kalite.ebyu.edu.tr\/wp-content\/uploads\/2023\/10\/WhatsApp-Image-2023-09-29-at-15.50.52-3-1024x682.jpeg 1024w, https:\/\/kalite.ebyu.edu.tr\/wp-content\/uploads\/2023\/10\/WhatsApp-Image-2023-09-29-at-15.50.52-3-768x512.jpeg 768w, https:\/\/kalite.ebyu.edu.tr\/wp-content\/uploads\/2023\/10\/WhatsApp-Image-2023-09-29-at-15.50.52-3-1536x1023.jpeg 1536w, https:\/\/kalite.ebyu.edu.tr\/wp-content\/uploads\/2023\/10\/WhatsApp-Image-2023-09-29-at-15.50.52-3-1568x1045.jpeg 1568w\" sizes=\"(max-width: 450px) 100vw, 450px\" \/><\/td>\n<\/tr>\n<tr>\n<td colspan=\"2\" width=\"428\"><img loading=\"lazy\" decoding=\"async\" class=\"aligncenter  wp-image-3188\" src=\"https:\/\/kalite.ebyu.edu.tr\/wp-content\/uploads\/2023\/10\/WhatsApp-Image-2023-09-29-at-15.50.52-2.jpeg\" alt=\"\" width=\"452\" height=\"301\" srcset=\"https:\/\/kalite.ebyu.edu.tr\/wp-content\/uploads\/2023\/10\/WhatsApp-Image-2023-09-29-at-15.50.52-2.jpeg 1600w, https:\/\/kalite.ebyu.edu.tr\/wp-content\/uploads\/2023\/10\/WhatsApp-Image-2023-09-29-at-15.50.52-2-300x200.jpeg 300w, https:\/\/kalite.ebyu.edu.tr\/wp-content\/uploads\/2023\/10\/WhatsApp-Image-2023-09-29-at-15.50.52-2-1024x682.jpeg 1024w, https:\/\/kalite.ebyu.edu.tr\/wp-content\/uploads\/2023\/10\/WhatsApp-Image-2023-09-29-at-15.50.52-2-768x512.jpeg 768w, https:\/\/kalite.ebyu.edu.tr\/wp-content\/uploads\/2023\/10\/WhatsApp-Image-2023-09-29-at-15.50.52-2-1536x1023.jpeg 1536w, https:\/\/kalite.ebyu.edu.tr\/wp-content\/uploads\/2023\/10\/WhatsApp-Image-2023-09-29-at-15.50.52-2-1568x1045.jpeg 1568w\" sizes=\"(max-width: 452px) 100vw, 452px\" \/><\/td>\n<\/tr>\n<\/tbody>\n<\/table>\n<p>&nbsp;<\/p>\n<p>&nbsp;<\/p>\n<p>&nbsp;<\/p>\n<p>&nbsp;<\/p>\n<div class=\"pvc_clear\"><\/div>\n<p id=\"pvc_stats_3185\" class=\"pvc_stats total_only  \" data-element-id=\"3185\" style=\"\"><i class=\"pvc-stats-icon medium\" aria-hidden=\"true\"><svg xmlns=\"http:\/\/www.w3.org\/2000\/svg\" version=\"1.0\" viewBox=\"0 0 502 315\" preserveAspectRatio=\"xMidYMid meet\"><g transform=\"translate(0,332) scale(0.1,-0.1)\" fill=\"\" stroke=\"none\"><path d=\"M2394 3279 l-29 -30 -3 -207 c-2 -182 0 -211 15 -242 39 -76 157 -76 196 0 15 31 17 60 15 243 l-3 209 -33 29 c-26 23 -41 29 -80 29 -41 0 -53 -5 -78 -31z\"\/><path d=\"M3085 3251 c-45 -19 -58 -50 -96 -229 -47 -217 -49 -260 -13 -295 52 -53 146 -42 177 20 16 31 87 366 87 410 0 70 -86 122 -155 94z\"\/><path d=\"M1751 3234 c-13 -9 -29 -31 -37 -50 -12 -29 -10 -49 21 -204 19 -94 39 -189 45 -210 14 -50 54 -80 110 -80 34 0 48 6 76 34 21 21 34 44 34 59 0 14 -18 113 -40 219 -37 178 -43 195 -70 221 -36 32 -101 37 -139 11z\"\/><path d=\"M1163 3073 c-36 -7 -73 -59 -73 -102 0 -56 133 -378 171 -413 34 -32 83 -37 129 -13 70 36 67 87 -16 290 -86 209 -89 214 -129 231 -35 14 -42 15 -82 7z\"\/><path d=\"M3689 3066 c-15 -9 -33 -30 -42 -48 -48 -103 -147 -355 -147 -375 0 -98 131 -148 192 -74 13 15 57 108 97 206 80 196 84 226 37 273 -30 30 -99 39 -137 18z\"\/><path d=\"M583 2784 c-38 -19 -67 -74 -58 -113 9 -42 211 -354 242 -373 16 -10 45 -18 66 -18 51 0 107 52 107 100 0 39 -1 41 -124 234 -80 126 -108 162 -133 173 -41 17 -61 16 -100 -3z\"\/><path d=\"M4250 2784 c-14 -9 -74 -91 -133 -183 -95 -150 -107 -173 -107 -213 0 -55 33 -94 87 -104 67 -13 90 8 211 198 130 202 137 225 78 284 -27 27 -42 34 -72 34 -22 0 -50 -8 -64 -16z\"\/><path d=\"M2275 2693 c-553 -48 -1095 -270 -1585 -649 -135 -104 -459 -423 -483 -476 -23 -49 -22 -139 2 -186 73 -142 361 -457 571 -626 285 -228 642 -407 990 -497 242 -63 336 -73 660 -74 310 0 370 5 595 52 535 111 1045 392 1455 803 122 121 250 273 275 326 19 41 19 137 0 174 -41 79 -309 363 -465 492 -447 370 -946 591 -1479 653 -113 14 -422 18 -536 8z m395 -428 c171 -34 330 -124 456 -258 112 -119 167 -219 211 -378 27 -96 24 -300 -5 -401 -72 -255 -236 -447 -474 -557 -132 -62 -201 -76 -368 -76 -167 0 -236 14 -368 76 -213 98 -373 271 -451 485 -162 444 86 934 547 1084 153 49 292 57 452 25z m909 -232 c222 -123 408 -262 593 -441 76 -74 138 -139 138 -144 0 -16 -233 -242 -330 -319 -155 -123 -309 -223 -461 -299 l-81 -41 32 46 c18 26 49 83 70 128 143 306 141 649 -6 957 -25 52 -61 116 -79 142 l-34 47 45 -20 c26 -10 76 -36 113 -56z m-2057 25 c-40 -58 -105 -190 -130 -263 -110 -324 -59 -707 132 -981 25 -35 42 -64 37 -64 -19 0 -241 119 -326 174 -188 122 -406 314 -532 468 l-58 71 108 103 c185 178 428 349 672 473 66 33 121 60 123 61 2 0 -10 -19 -26 -42z\"\/><path d=\"M2375 1950 c-198 -44 -350 -190 -395 -379 -18 -76 -8 -221 19 -290 114 -284 457 -406 731 -260 98 52 188 154 231 260 27 69 37 214 19 290 -38 163 -166 304 -326 360 -67 23 -215 33 -279 19z\"\/><\/g><\/svg><\/i> <img loading=\"lazy\" decoding=\"async\" width=\"16\" height=\"16\" alt=\"Loading\" src=\"https:\/\/kalite.ebyu.edu.tr\/wp-content\/plugins\/page-views-count\/ajax-loader-2x.gif\" border=0 \/><\/p>\n<div class=\"pvc_clear\"><\/div>\n","protected":false},"excerpt":{"rendered":"<p>Erzincan Binali Y\u0131ld\u0131r\u0131m \u00dcniversitesi Kalite Koordinat\u00f6rl\u00fc\u011f\u00fc taraf\u0131ndan 2023 y\u0131l\u0131 hizmet i\u00e7i e\u011fitim plan\u0131 kapsam\u0131nda akademik ve idari personelimize y\u00f6nelik \u201cDiksiyon ve Kurumsal \u0130leti\u015fim\u201d konulu e\u011fitim program\u0131 d\u00fczenlendi. &nbsp; Yaln\u0131zba\u011f Yerle\u015fkesi Prof. Dr. Erdo\u011fan B\u00fcy\u00fckkasap Kongre ve K\u00fclt\u00fcr Merkezi\u2019nde ger\u00e7ekle\u015fen e\u011fitime Rekt\u00f6r Yard\u0131mc\u0131s\u0131 ve Kalite Koordinat\u00f6r\u00fc Prof. Dr. A. Ercan Ekinci, Genel Sekreter V. Metin U\u011furt\u00fcrk,&hellip; <a class=\"more-link\" href=\"https:\/\/kalite.ebyu.edu.tr\/?p=3185\">Okumaya devam et <span class=\"screen-reader-text\">Akademik ve \u0130dari Personele Y\u00f6nelik Diksiyon ve Kurumsal \u0130leti\u015fim E\u011fitimi Verildi<\/span><\/a><\/p>\n","protected":false},"author":13,"featured_media":3189,"comment_status":"closed","ping_status":"closed","sticky":false,"template":"","format":"standard","meta":{"footnotes":""},"categories":[21],"tags":[],"class_list":["post-3185","post","type-post","status-publish","format-standard","has-post-thumbnail","hentry","category-haberler","entry"],"_links":{"self":[{"href":"https:\/\/kalite.ebyu.edu.tr\/index.php?rest_route=\/wp\/v2\/posts\/3185","targetHints":{"allow":["GET"]}}],"collection":[{"href":"https:\/\/kalite.ebyu.edu.tr\/index.php?rest_route=\/wp\/v2\/posts"}],"about":[{"href":"https:\/\/kalite.ebyu.edu.tr\/index.php?rest_route=\/wp\/v2\/types\/post"}],"author":[{"embeddable":true,"href":"https:\/\/kalite.ebyu.edu.tr\/index.php?rest_route=\/wp\/v2\/users\/13"}],"replies":[{"embeddable":true,"href":"https:\/\/kalite.ebyu.edu.tr\/index.php?rest_route=%2Fwp%2Fv2%2Fcomments&post=3185"}],"version-history":[{"count":13,"href":"https:\/\/kalite.ebyu.edu.tr\/index.php?rest_route=\/wp\/v2\/posts\/3185\/revisions"}],"predecessor-version":[{"id":3203,"href":"https:\/\/kalite.ebyu.edu.tr\/index.php?rest_route=\/wp\/v2\/posts\/3185\/revisions\/3203"}],"wp:featuredmedia":[{"embeddable":true,"href":"https:\/\/kalite.ebyu.edu.tr\/index.php?rest_route=\/wp\/v2\/media\/3189"}],"wp:attachment":[{"href":"https:\/\/kalite.ebyu.edu.tr\/index.php?rest_route=%2Fwp%2Fv2%2Fmedia&parent=3185"}],"wp:term":[{"taxonomy":"category","embeddable":true,"href":"https:\/\/kalite.ebyu.edu.tr\/index.php?rest_route=%2Fwp%2Fv2%2Fcategories&post=3185"},{"taxonomy":"post_tag","embeddable":true,"href":"https:\/\/kalite.ebyu.edu.tr\/index.php?rest_route=%2Fwp%2Fv2%2Ftags&post=3185"}],"curies":[{"name":"wp","href":"https:\/\/api.w.org\/{rel}","templated":true}]}}