{"id":2053,"date":"2021-07-01T14:05:15","date_gmt":"2021-07-01T11:05:15","guid":{"rendered":"https:\/\/kalite.ebyu.edu.tr\/?p=2053"},"modified":"2021-07-01T14:05:47","modified_gmt":"2021-07-01T11:05:47","slug":"yokaktan-turkiyede-bir-ilk-iki-universitemiz-akredite-oldu","status":"publish","type":"post","link":"https:\/\/kalite.ebyu.edu.tr\/?p=2053","title":{"rendered":"Y\u00d6KAK\u2019tan T\u00fcrkiye\u2019de Bir \u0130lk: \u0130ki \u00dcniversitemiz Akredite Oldu!"},"content":{"rendered":"<p>Y\u00fcksek\u00f6\u011fretim Kalite Kurulu (Y\u00d6KAK) taraf\u0131ndan T\u00fcrkiye\u2019de y\u00fcksek\u00f6\u011fretim alan\u0131nda ilk kez uygulanan \u201cKurumsal Akreditasyon Program\u0131\u201d kapsam\u0131nda 2 \u00fcniversitemizin kurumsal akreditasyon karar\u0131 onayland\u0131.<\/p>\n<p>&nbsp;<\/p>\n<p>2020 y\u0131l\u0131nda ilk kez uygulanmaya ba\u015flayan Kurumsal Akreditasyon Program\u0131\u2019na 60\u2019a yak\u0131n kurum ba\u015fvurmu\u015f, 11 kurum (Akdeniz \u00dcniversitesi, Ankara \u00dcniversitesi, Atat\u00fcrk \u00dcniversitesi, Ege \u00dcniversitesi, Erciyes \u00dcniversitesi, Gaziantep \u00dcniversitesi, \u0130hsan Do\u011framac\u0131 Bilkent \u00dcniversitesi, \u0130stanbul Teknik \u00dcniversitesi, Ko\u00e7 \u00dcniversitesi, Ondokuz May\u0131s \u00dcniversitesi ve TED \u00dcniversitesi) de\u011ferlendirme s\u00fcrecine dahil olmu\u015ftu. Ba\u011f\u0131ms\u0131z de\u011ferlendirme tak\u0131mlar\u0131 taraf\u0131ndan kurumlar\u0131n i\u00e7 de\u011ferlendirme raporu temel al\u0131narak y\u00fcr\u00fct\u00fclen de\u011ferlendirme program\u0131 sonras\u0131nda, 23 Haziran 2021 \u00c7ar\u015famba g\u00fcn\u00fc d\u00fczenlenen Kurul Toplant\u0131s\u0131nda oy birli\u011fi ile 2 \u00fcniversiteye Kurumsal Akreditasyon verilmesi kararla\u015ft\u0131r\u0131ld\u0131. Di\u011fer \u00fcniversitelerin de\u011ferlendirme s\u00fcre\u00e7leri ise devam ediyor.<\/p>\n<p>&nbsp;<\/p>\n<p>\u00dcniversitelerin kalite g\u00fcvencesi sistemi, e\u011fitim ve \u00f6\u011fretim, ara\u015ft\u0131rma ve geli\u015ftirme, toplumsal katk\u0131 ve idari s\u00fcre\u00e7lerde de\u011ferlendirilmesini sa\u011flayan Kurumsal Akreditasyon Program\u0131 ile T\u00fcrkiye\u2019deki \u00fcniversitelerin ulusal d\u00fczeydeki katk\u0131lar\u0131n\u0131n ve d\u00fcnyadaki g\u00f6r\u00fcn\u00fcrl\u00fcklerinin art\u0131r\u0131lmas\u0131n\u0131 ama\u00e7lan\u0131yor.<\/p>\n<p>&nbsp;<\/p>\n<p><strong>\u201c\u00dcniversitelerimizin d\u00fcnya ile b\u00fct\u00fcnle\u015fmesini hedefliyoruz\u201d<\/strong><\/p>\n<p>Y\u00d6KAK Ba\u015fkan\u0131 Prof. Dr. Muzaffer Elmas, Kurumsal Akreditasyon verilen \u00fcniversiteleri ger\u00e7ekle\u015ftirilen \u00f6zverili \u00e7al\u0131\u015fmalar\u0131 dolay\u0131s\u0131yla tebrik ederek, Y\u00d6KAK\u2019\u0131n 2017\u2019den itibaren ba\u011f\u0131ms\u0131z olarak \u00e7al\u0131\u015fmalar\u0131n\u0131 s\u00fcrd\u00fcren gen\u00e7 bir kurulu\u015f oldu\u011funu belirtti. Hedeflerinin \u00fcniversitelerdeki mezunlar\u0131n beklenen yeterliliklere sahip olmas\u0131, kolay i\u015f bulabilmesi ve \u00fcniversitelerin Ar-Ge\u2019ye ve topluma katk\u0131 sa\u011flamas\u0131 oldu\u011funu dile getiren Prof. Dr. Elmas, Y\u00d6KAK\u2019\u0131n t\u00fcm \u00e7al\u0131\u015fmalar\u0131n\u0131 bu ama\u00e7la y\u00fcr\u00fctt\u00fc\u011f\u00fcn\u00fc vurgulad\u0131. Ba\u015fkan Elmas, T\u00fcrkiye\u2019de y\u00fcksek\u00f6\u011fretim alan\u0131nda bir ilk olarak uygulamaya ba\u015flad\u0131klar\u0131 Kurumsal Akreditasyon Program\u0131nda yap\u0131lan de\u011ferlendirmeler sonucunda 2 \u00fcniversitenin belirlendi\u011fini ifade ederek, akreditasyon kararlar\u0131n\u0131n ise ilgili \u00fcniversiteler taraf\u0131ndan d\u00fczenlenecek t\u00f6renlerle kamuoyuna a\u00e7\u0131klanaca\u011f\u0131n\u0131 s\u00f6yledi.<\/p>\n<p>Bu kapsamda d\u00fczenlenen ilk t\u00f6rende Ege \u00dcniversitesi, Kurumsal Akreditasyon Program\u0131 kapsam\u0131nda 5 y\u0131l s\u00fcreyle \u201ctam akreditasyon\u201d almaya hak kazanan \u00fcniversitelerden birisi oldu. Y\u00d6KAK Ba\u015fkan\u0131 Prof. Dr. Muzaffer Elmas, tam akreditasyon belgesini \u0130zmir\u2019de d\u00fczenlenen t\u00f6renle Ege \u00dcniversitesi Rekt\u00f6r\u00fc Prof. Dr. Necdet Budak\u2019a teslim etti.<\/p>\n<p>&nbsp;<\/p>\n<p><strong>Kurumsal Akreditasyon Program\u0131 nedir?<\/strong><\/p>\n<p>Kurumsal Akreditasyon Program\u0131, Y\u00d6KAK taraf\u0131ndan olu\u015fturulan de\u011ferlendirme tak\u0131mlar\u0131n\u0131n kendi aralar\u0131nda yapt\u0131\u011f\u0131 toplant\u0131 sonras\u0131nda; \u00f6n ziyaret, uzaktan ziyaret ve y\u00fcz y\u00fcze ziyaret olmak \u00fczere \u00fc\u00e7 a\u015famadaki de\u011ferlendirmelerden olu\u015fuyor. Bu de\u011ferlendirmelerde \u00fcniversiteler; Kalite G\u00fcvence Sistemi, E\u011fitim ve \u00d6\u011fretim, Ara\u015ft\u0131rma ve Geli\u015ftirme, Toplumsal Katk\u0131 ve Y\u00f6netim Sistemi ba\u015fl\u0131klar\u0131nda 22 \u00f6l\u00e7\u00fct ve 56 alt \u00f6l\u00e7\u00fct \u00fczerinden de\u011ferlendiriliyor. De\u011ferlendirme tak\u0131m\u0131 taraf\u0131ndan yap\u0131lan de\u011ferlendirme sonucunda Kurumsal Akreditasyon Raporu haz\u0131rlan\u0131yor ve Y\u00d6KAK\u2019 a iletiliyor. Kurumlarda kalite g\u00fcvence sisteminin olgunluk d\u00fczeyi Kurul taraf\u0131ndan de\u011ferlendirilerek, \u00fcniversitelere 5 y\u0131l s\u00fcreyle \u201ctam akreditasyon\u201d ya da 2 y\u0131l s\u00fcreyle \u201cko\u015fullu akreditasyon\u201d veriliyor.<\/p>\n<p>&nbsp;<\/p>\n<p><img fetchpriority=\"high\" decoding=\"async\" class=\"aligncenter size-full wp-image-2054\" src=\"https:\/\/kalite.ebyu.edu.tr\/wp-content\/uploads\/2021\/07\/akreditasyon-banner.jpg\" alt=\"\" width=\"1490\" height=\"525\" srcset=\"https:\/\/kalite.ebyu.edu.tr\/wp-content\/uploads\/2021\/07\/akreditasyon-banner.jpg 1490w, https:\/\/kalite.ebyu.edu.tr\/wp-content\/uploads\/2021\/07\/akreditasyon-banner-300x106.jpg 300w, https:\/\/kalite.ebyu.edu.tr\/wp-content\/uploads\/2021\/07\/akreditasyon-banner-1024x361.jpg 1024w, https:\/\/kalite.ebyu.edu.tr\/wp-content\/uploads\/2021\/07\/akreditasyon-banner-768x271.jpg 768w\" sizes=\"(max-width: 1490px) 100vw, 1490px\" \/><\/p>\n<div class=\"pvc_clear\"><\/div>\n<p id=\"pvc_stats_2053\" class=\"pvc_stats total_only  \" data-element-id=\"2053\" style=\"\"><i class=\"pvc-stats-icon medium\" aria-hidden=\"true\"><svg xmlns=\"http:\/\/www.w3.org\/2000\/svg\" version=\"1.0\" viewBox=\"0 0 502 315\" preserveAspectRatio=\"xMidYMid meet\"><g transform=\"translate(0,332) scale(0.1,-0.1)\" fill=\"\" stroke=\"none\"><path d=\"M2394 3279 l-29 -30 -3 -207 c-2 -182 0 -211 15 -242 39 -76 157 -76 196 0 15 31 17 60 15 243 l-3 209 -33 29 c-26 23 -41 29 -80 29 -41 0 -53 -5 -78 -31z\"\/><path d=\"M3085 3251 c-45 -19 -58 -50 -96 -229 -47 -217 -49 -260 -13 -295 52 -53 146 -42 177 20 16 31 87 366 87 410 0 70 -86 122 -155 94z\"\/><path d=\"M1751 3234 c-13 -9 -29 -31 -37 -50 -12 -29 -10 -49 21 -204 19 -94 39 -189 45 -210 14 -50 54 -80 110 -80 34 0 48 6 76 34 21 21 34 44 34 59 0 14 -18 113 -40 219 -37 178 -43 195 -70 221 -36 32 -101 37 -139 11z\"\/><path d=\"M1163 3073 c-36 -7 -73 -59 -73 -102 0 -56 133 -378 171 -413 34 -32 83 -37 129 -13 70 36 67 87 -16 290 -86 209 -89 214 -129 231 -35 14 -42 15 -82 7z\"\/><path d=\"M3689 3066 c-15 -9 -33 -30 -42 -48 -48 -103 -147 -355 -147 -375 0 -98 131 -148 192 -74 13 15 57 108 97 206 80 196 84 226 37 273 -30 30 -99 39 -137 18z\"\/><path d=\"M583 2784 c-38 -19 -67 -74 -58 -113 9 -42 211 -354 242 -373 16 -10 45 -18 66 -18 51 0 107 52 107 100 0 39 -1 41 -124 234 -80 126 -108 162 -133 173 -41 17 -61 16 -100 -3z\"\/><path d=\"M4250 2784 c-14 -9 -74 -91 -133 -183 -95 -150 -107 -173 -107 -213 0 -55 33 -94 87 -104 67 -13 90 8 211 198 130 202 137 225 78 284 -27 27 -42 34 -72 34 -22 0 -50 -8 -64 -16z\"\/><path d=\"M2275 2693 c-553 -48 -1095 -270 -1585 -649 -135 -104 -459 -423 -483 -476 -23 -49 -22 -139 2 -186 73 -142 361 -457 571 -626 285 -228 642 -407 990 -497 242 -63 336 -73 660 -74 310 0 370 5 595 52 535 111 1045 392 1455 803 122 121 250 273 275 326 19 41 19 137 0 174 -41 79 -309 363 -465 492 -447 370 -946 591 -1479 653 -113 14 -422 18 -536 8z m395 -428 c171 -34 330 -124 456 -258 112 -119 167 -219 211 -378 27 -96 24 -300 -5 -401 -72 -255 -236 -447 -474 -557 -132 -62 -201 -76 -368 -76 -167 0 -236 14 -368 76 -213 98 -373 271 -451 485 -162 444 86 934 547 1084 153 49 292 57 452 25z m909 -232 c222 -123 408 -262 593 -441 76 -74 138 -139 138 -144 0 -16 -233 -242 -330 -319 -155 -123 -309 -223 -461 -299 l-81 -41 32 46 c18 26 49 83 70 128 143 306 141 649 -6 957 -25 52 -61 116 -79 142 l-34 47 45 -20 c26 -10 76 -36 113 -56z m-2057 25 c-40 -58 -105 -190 -130 -263 -110 -324 -59 -707 132 -981 25 -35 42 -64 37 -64 -19 0 -241 119 -326 174 -188 122 -406 314 -532 468 l-58 71 108 103 c185 178 428 349 672 473 66 33 121 60 123 61 2 0 -10 -19 -26 -42z\"\/><path d=\"M2375 1950 c-198 -44 -350 -190 -395 -379 -18 -76 -8 -221 19 -290 114 -284 457 -406 731 -260 98 52 188 154 231 260 27 69 37 214 19 290 -38 163 -166 304 -326 360 -67 23 -215 33 -279 19z\"\/><\/g><\/svg><\/i> <img decoding=\"async\" width=\"16\" height=\"16\" alt=\"Loading\" src=\"https:\/\/kalite.ebyu.edu.tr\/wp-content\/plugins\/page-views-count\/ajax-loader-2x.gif\" border=0 \/><\/p>\n<div class=\"pvc_clear\"><\/div>\n","protected":false},"excerpt":{"rendered":"<p>Y\u00fcksek\u00f6\u011fretim Kalite Kurulu (Y\u00d6KAK) taraf\u0131ndan T\u00fcrkiye\u2019de y\u00fcksek\u00f6\u011fretim alan\u0131nda ilk kez uygulanan \u201cKurumsal Akreditasyon Program\u0131\u201d kapsam\u0131nda 2 \u00fcniversitemizin kurumsal akreditasyon karar\u0131 onayland\u0131. &nbsp; 2020 y\u0131l\u0131nda ilk kez uygulanmaya ba\u015flayan Kurumsal Akreditasyon Program\u0131\u2019na 60\u2019a yak\u0131n kurum ba\u015fvurmu\u015f, 11 kurum (Akdeniz \u00dcniversitesi, Ankara \u00dcniversitesi, Atat\u00fcrk \u00dcniversitesi, Ege \u00dcniversitesi, Erciyes \u00dcniversitesi, Gaziantep \u00dcniversitesi, \u0130hsan Do\u011framac\u0131 Bilkent \u00dcniversitesi, \u0130stanbul Teknik&hellip; <a class=\"more-link\" href=\"https:\/\/kalite.ebyu.edu.tr\/?p=2053\">Okumaya devam et <span class=\"screen-reader-text\">Y\u00d6KAK\u2019tan T\u00fcrkiye\u2019de Bir \u0130lk: \u0130ki \u00dcniversitemiz Akredite Oldu!<\/span><\/a><\/p>\n","protected":false},"author":13,"featured_media":0,"comment_status":"open","ping_status":"open","sticky":false,"template":"","format":"standard","meta":{"footnotes":""},"categories":[20],"tags":[],"class_list":["post-2053","post","type-post","status-publish","format-standard","hentry","category-duyurular","entry"],"_links":{"self":[{"href":"https:\/\/kalite.ebyu.edu.tr\/index.php?rest_route=\/wp\/v2\/posts\/2053","targetHints":{"allow":["GET"]}}],"collection":[{"href":"https:\/\/kalite.ebyu.edu.tr\/index.php?rest_route=\/wp\/v2\/posts"}],"about":[{"href":"https:\/\/kalite.ebyu.edu.tr\/index.php?rest_route=\/wp\/v2\/types\/post"}],"author":[{"embeddable":true,"href":"https:\/\/kalite.ebyu.edu.tr\/index.php?rest_route=\/wp\/v2\/users\/13"}],"replies":[{"embeddable":true,"href":"https:\/\/kalite.ebyu.edu.tr\/index.php?rest_route=%2Fwp%2Fv2%2Fcomments&post=2053"}],"version-history":[{"count":3,"href":"https:\/\/kalite.ebyu.edu.tr\/index.php?rest_route=\/wp\/v2\/posts\/2053\/revisions"}],"predecessor-version":[{"id":2058,"href":"https:\/\/kalite.ebyu.edu.tr\/index.php?rest_route=\/wp\/v2\/posts\/2053\/revisions\/2058"}],"wp:attachment":[{"href":"https:\/\/kalite.ebyu.edu.tr\/index.php?rest_route=%2Fwp%2Fv2%2Fmedia&parent=2053"}],"wp:term":[{"taxonomy":"category","embeddable":true,"href":"https:\/\/kalite.ebyu.edu.tr\/index.php?rest_route=%2Fwp%2Fv2%2Fcategories&post=2053"},{"taxonomy":"post_tag","embeddable":true,"href":"https:\/\/kalite.ebyu.edu.tr\/index.php?rest_route=%2Fwp%2Fv2%2Ftags&post=2053"}],"curies":[{"name":"wp","href":"https:\/\/api.w.org\/{rel}","templated":true}]}}